{"id":302503,"date":"2016-12-09T00:02:34","date_gmt":"2016-12-09T06:02:34","guid":{"rendered":"http:\/\/www.diarioimagen.net\/?p=302503"},"modified":"2016-12-09T01:58:12","modified_gmt":"2016-12-09T07:58:12","slug":"huixquiluquenses-disfrutaron-de-las-posadas-del-dif-municipal","status":"publish","type":"post","link":"https:\/\/www.diarioimagen.net\/?p=302503","title":{"rendered":"Huixquiluquenses disfrutaron de las posadas del DIF municipal"},"content":{"rendered":"<p><a href=\"http:\/\/www.diarioimagen.net\/?attachment_id=302558\" rel=\"attachment wp-att-302558\"><img loading=\"lazy\" decoding=\"async\" class=\"aligncenter size-large wp-image-302558\" src=\"http:\/\/www.diarioimagen.net\/wp-content\/uploads\/2016\/12\/HUIXQUILUCAN-3015-460x259.jpg\" alt=\"huixquilucan-3015\" width=\"460\" height=\"259\" srcset=\"https:\/\/www.diarioimagen.net\/wp-content\/uploads\/2016\/12\/HUIXQUILUCAN-3015-460x259.jpg 460w, https:\/\/www.diarioimagen.net\/wp-content\/uploads\/2016\/12\/HUIXQUILUCAN-3015-240x135.jpg 240w, https:\/\/www.diarioimagen.net\/wp-content\/uploads\/2016\/12\/HUIXQUILUCAN-3015-235x132.jpg 235w, https:\/\/www.diarioimagen.net\/wp-content\/uploads\/2016\/12\/HUIXQUILUCAN-3015-202x114.jpg 202w, https:\/\/www.diarioimagen.net\/wp-content\/uploads\/2016\/12\/HUIXQUILUCAN-3015-350x196.jpg 350w, https:\/\/www.diarioimagen.net\/wp-content\/uploads\/2016\/12\/HUIXQUILUCAN-3015-220x123.jpg 220w, https:\/\/www.diarioimagen.net\/wp-content\/uploads\/2016\/12\/HUIXQUILUCAN-3015-237x132.jpg 237w, https:\/\/www.diarioimagen.net\/wp-content\/uploads\/2016\/12\/HUIXQUILUCAN-3015.jpg 480w\" sizes=\"auto, (max-width: 460px) 100vw, 460px\" \/><\/a><\/p>\n<p>&nbsp;<\/p>\n<p><strong>Huixquilucan, Estado de M\u00e9xico.- <\/strong>M\u00e1s de cinco mil huixquiluquenses disfrutaron de las posadas que organiz\u00f3 el Sistema Municipal para el Desarrollo Integral de la Familia (DIF) en las que ni\u00f1os y adultos mayores pudieron disfrutar de las primeras festividades en esta temporada decembrina.<\/p>\n<p>La presidenta del DIF Huixquilucan, Romina Contreras Carrasco, destac\u00f3 que estos eventos se realizan para que m\u00e1s de 3 mil 500 peque\u00f1os y mil 500 abuelitos del municipio disfrutaran de un festejo, regalos, sano esparcimiento y para conservar la tradici\u00f3n de las posadas.<\/p>\n<p>&nbsp;<\/p>\n","protected":false},"excerpt":{"rendered":"<p>M\u00e1s de cinco mil huixquiluquenses disfrutaron de las posadas que organiz\u00f3 el Sistema Municipal para el Desarrollo Integral de la Familia (DIF) en las que ni\u00f1os y adultos mayores pudieron disfrutar de las primeras festividades en esta temporada decembrina.<\/p>\n","protected":false},"author":3,"featured_media":302558,"comment_status":"open","ping_status":"open","sticky":false,"template":"","format":"standard","meta":{"_monsterinsights_skip_tracking":false,"_monsterinsights_sitenote_active":false,"_monsterinsights_sitenote_note":"","_monsterinsights_sitenote_category":0,"footnotes":""},"categories":[35155],"tags":[2954,43675,1097],"class_list":["post-302503","post","type-post","status-publish","format-standard","has-post-thumbnail","hentry","category-estado-de-mexico-estado-de-mexico","tag-dif","tag-estado-de-mexico","tag-huixquilucan"],"_links":{"self":[{"href":"https:\/\/www.diarioimagen.net\/index.php?rest_route=\/wp\/v2\/posts\/302503","targetHints":{"allow":["GET"]}}],"collection":[{"href":"https:\/\/www.diarioimagen.net\/index.php?rest_route=\/wp\/v2\/posts"}],"about":[{"href":"https:\/\/www.diarioimagen.net\/index.php?rest_route=\/wp\/v2\/types\/post"}],"author":[{"embeddable":true,"href":"https:\/\/www.diarioimagen.net\/index.php?rest_route=\/wp\/v2\/users\/3"}],"replies":[{"embeddable":true,"href":"https:\/\/www.diarioimagen.net\/index.php?rest_route=%2Fwp%2Fv2%2Fcomments&post=302503"}],"version-history":[{"count":0,"href":"https:\/\/www.diarioimagen.net\/index.php?rest_route=\/wp\/v2\/posts\/302503\/revisions"}],"wp:featuredmedia":[{"embeddable":true,"href":"https:\/\/www.diarioimagen.net\/index.php?rest_route=\/wp\/v2\/media\/302558"}],"wp:attachment":[{"href":"https:\/\/www.diarioimagen.net\/index.php?rest_route=%2Fwp%2Fv2%2Fmedia&parent=302503"}],"wp:term":[{"taxonomy":"category","embeddable":true,"href":"https:\/\/www.diarioimagen.net\/index.php?rest_route=%2Fwp%2Fv2%2Fcategories&post=302503"},{"taxonomy":"post_tag","embeddable":true,"href":"https:\/\/www.diarioimagen.net\/index.php?rest_route=%2Fwp%2Fv2%2Ftags&post=302503"}],"curies":[{"name":"wp","href":"https:\/\/api.w.org\/{rel}","templated":true}]}}