{"id":302505,"date":"2016-12-09T00:01:27","date_gmt":"2016-12-09T06:01:27","guid":{"rendered":"http:\/\/www.diarioimagen.net\/?p=302505"},"modified":"2016-12-11T23:34:12","modified_gmt":"2016-12-12T05:34:12","slug":"latam-airlines-anuncia-vuelo-directo-entre-santiago-de-chile-y-melbourne-australia-sera-el-mas-largo-en-la-historia-de-la-compania","status":"publish","type":"post","link":"https:\/\/www.diarioimagen.net\/?p=302505","title":{"rendered":"<em>LATAM Airlines<\/em> anuncia vuelo directo entre Santiago de Chile y Melbourne, Australia. Ser\u00e1 el m\u00e1s largo en la historia de la compa\u00f1\u00eda"},"content":{"rendered":"<h2>De cinco estrellas<\/h2>\n<h5>Victoria Gonz\u00e1lez Prado<\/h5>\n<p>&nbsp;<\/p>\n<ul>\n<li><strong>Disneyland Resort<\/strong><em><strong> se convierte en el pa\u00eds de las maravillas invernales en esta temporada<\/strong><\/em><\/li>\n<li><em><strong>La aerol\u00ednea de bandera canadiense, <\/strong><\/em><strong>Air Canada<\/strong><em><strong>, nombrada la novena mejor del mundo y la primera en la regi\u00f3n de Am\u00e9rica del Norte<\/strong><\/em><\/li>\n<\/ul>\n<p>&nbsp;<\/p>\n<div id=\"attachment_302563\" style=\"width: 470px\" class=\"wp-caption aligncenter\"><a href=\"http:\/\/www.diarioimagen.net\/?attachment_id=302563\" rel=\"attachment wp-att-302563\"><img loading=\"lazy\" decoding=\"async\" aria-describedby=\"caption-attachment-302563\" class=\"size-large wp-image-302563\" src=\"http:\/\/www.diarioimagen.net\/wp-content\/uploads\/2016\/12\/turismo-3015-460x259.jpg\" alt=\"Har\u00e1 el vuelo m\u00e1s largo de su historia.\" width=\"460\" height=\"259\" srcset=\"https:\/\/www.diarioimagen.net\/wp-content\/uploads\/2016\/12\/turismo-3015-460x259.jpg 460w, https:\/\/www.diarioimagen.net\/wp-content\/uploads\/2016\/12\/turismo-3015-240x135.jpg 240w, https:\/\/www.diarioimagen.net\/wp-content\/uploads\/2016\/12\/turismo-3015-235x132.jpg 235w, https:\/\/www.diarioimagen.net\/wp-content\/uploads\/2016\/12\/turismo-3015-202x114.jpg 202w, https:\/\/www.diarioimagen.net\/wp-content\/uploads\/2016\/12\/turismo-3015-350x196.jpg 350w, https:\/\/www.diarioimagen.net\/wp-content\/uploads\/2016\/12\/turismo-3015-220x123.jpg 220w, https:\/\/www.diarioimagen.net\/wp-content\/uploads\/2016\/12\/turismo-3015-237x132.jpg 237w, https:\/\/www.diarioimagen.net\/wp-content\/uploads\/2016\/12\/turismo-3015.jpg 480w\" sizes=\"auto, (max-width: 460px) 100vw, 460px\" \/><\/a><p id=\"caption-attachment-302563\" class=\"wp-caption-text\">Har\u00e1 el vuelo m\u00e1s largo de su historia.<\/p><\/div>\n<p>&nbsp;<\/p>\n<p>Un nuevo vuelo directo entre Santiago, Chile y Melbourne, Australia es el que anunci\u00f3 <em>LATAM Airlines Group,<\/em> que iniciar\u00e1 a partir del pr\u00f3ximo 5 de octubre de 2017 y operar\u00e1 el tramo de ida, correspondiente a la ruta Santiago-Melbourne, con m\u00e1s de 11,000 km de distancia y una duraci\u00f3n de 15 horas y ser\u00e1 el m\u00e1s largo<em>\u00a0<\/em>en la historia de la compa\u00f1\u00eda.<\/p>\n<p>La l\u00ednea a\u00e9rea operar\u00e1 tres veces por semana entre Santiago y Melbourne, convirti\u00e9ndose en la primera compa\u00f1\u00eda en ofrecer vuelos directos entre las dos ciudades, as\u00ed como el \u00fanico operador en unir sin escalas una ciudad de Latinoam\u00e9rica con Melbourne, que ser\u00e1 la segunda ciudad australiana donde opera LATAM, junto con Sydney.<\/p>\n<p><strong>Enrique Cueto<\/strong>, CEO del grupo a\u00e9reo dijo, \u201cestamos muy contentos de cerrar este a\u00f1o anunciando un vuelo tan significativo como Santiago-Melbourne, que ser\u00e1 el m\u00e1s largo de la historia y el cuarto nuevo destino que hemos abierto en el \u00faltimo a\u00f1o. Esta segunda ruta en Australia se suma as\u00ed a vuelos incorporados recientemente a la red de LATAM como Sao Paulo-Johannesburgo, Lima-Washington y Santiago-Puerto Natales\u201d.<\/p>\n<p>\u201cEn los \u00faltimos a\u00f1os vemos una creciente demanda por vuelos que conecten Latinoam\u00e9rica con esa regi\u00f3n del mundo, tanto por negocios como por turismo y queremos seguir siendo parte\u00a0 de su crecimiento econ\u00f3mico y\u00a0 tur\u00edstico. Con este vuelo a Melbourne, la compa\u00f1\u00eda no s\u00f3lo refuerza su compromiso con Ocean\u00eda y Asia Pac\u00edfico, sino que contin\u00faa ofreciendo la mejor conectividad internacional desde Latinoam\u00e9rica, as\u00ed como la m\u00e1s amplia red de destinos dentro de la regi\u00f3n\u201d,\u00a0agreg\u00f3 el ejecutivo.<\/p>\n<p>El embajador de Australia en Chile, <strong>Timothy Kane<\/strong>\u00a0indic\u00f3:\u00a0\u201cAustralia recibe con alegr\u00eda este vuelo. Es un hito importante para el grupo de aerol\u00edneas, para el estado de Victoria, para Australia y para Latinoam\u00e9rica. Chile es la puerta de entrada a la regi\u00f3n, as\u00ed como Australia es la plataforma para viajar a Asia desde Chile. Estos nuevos vuelos directos fortalecer\u00e1n el lazo entre Australia y Latinoam\u00e9rica, abrir\u00e1n los mercados, expanden oportunidades para las personas y posiciona a Melbourne como un destino clave para los viajeros de Latinoam\u00e9rica a Australia y al Asia Pac\u00edfico. El gobierno australiano est\u00e1 comprometido con fortalecer su relaci\u00f3n con Latinoam\u00e9rica, y estos vuelos jugar\u00e1n un rol importante en ampliar nuestras relaciones\u201d.<\/p>\n<p>LATAM actualmente opera siete vuelos semanales desde Santiago a Sydney (v\u00eda Auckland en Nueva Zelanda). Desde 2015, este vuelo es operado en un Boeing 787-9, lo que aument\u00f3 la capacidad en 27 por ciento.<\/p>\n<p>En total, LATAM transporta aproximadamente 190,000 pasajeros entre Latinoam\u00e9rica y Ocean\u00eda. Con este vuelo, LATAM estima que sumar\u00e1 75,000 pasajeros anuales adicionales entre los continentes.<\/p>\n<p>A partir del 5 de octubre, el vuelo despegar\u00e1 desde Santiago a las 12:55 (hora local), lunes, martes y s\u00e1bado, llegando a Melbourne a las 17:55 (hora local) del d\u00eda siguiente, con un viaje de 15 horas.<\/p>\n<p>El vuelo de regreso despegar\u00e1 desde Melbourne a las 19:55 (hora local), martes, viernes y domingos, llegando a Santiago a las 19:00 horas el mismo d\u00eda (hora local), con una duraci\u00f3n de 13 horas y 5 minutos*.<\/p>\n<p>\u2730\u2730\u2730\u2730\u2730 <em>Disneyland Resort <\/em>se convierte en el pa\u00eds de las maravillas invernales en esta temporada. Las atracciones cl\u00e1sicas son revitalizadas. El castillo de la Bella Durmiente, capas de nieve cubren la torre del recinto m\u00e1gico y 80,000 luces brillan por doquier.<\/p>\n<p><em>It\u00b4s a Small World, <\/em>cuenta con un espect\u00e1culo de luces estelares y una canci\u00f3n especial sobre las vacaciones y cuyos personajes destilan rojo y blanco. Por \u00faltimo, <em>Disney California Adventure Park<\/em> cuenta con un despliegue de festivales inspirados en varias civilizaciones: <em>Festive Foods Markets Place Kiosks, Festival Entertainment<\/em>, \u00a1Disney Viva la Navidad!, <em>Santa`s Holiday Visit,<\/em> por mencionar\u00a0 algunos. Bajo la <em>app <\/em>de<em> Disney <\/em>la cual te gu\u00eda y avisa de una manera sencilla de cada celebraci\u00f3n, sus fechas y de lo que se trata cada evento.<\/p>\n<p>\u2730\u2730\u2730\u2730\u2730 La aerol\u00ednea de bandera canadiense, <em>Air Canada<\/em>, fue nombrada como la novena mejor aerol\u00ednea del mundo y la primera en la regi\u00f3n de Am\u00e9rica del Norte, dentro del ranking verano 2016 de la empresa <em>AirHelp<\/em>, gracias a la comodidad, puntualidad y servicio al consumidor que ofrece en cada vuelo.<\/p>\n<p><em>AirHelp<\/em>, la <em>Startup <\/em>avalada por y<em> Combinator<\/em> que brinda ayuda a pasajeros alrededor de todo el mundo para resolver controversias con prestadores de servicios a\u00e9reos, realiza peri\u00f3dicamente algunos rankings para detectar la calidad de los servicios de las principales aerol\u00edneas.<\/p>\n<p>Para el ranking Verano 2016, compar\u00f3 cerca de 80 aerol\u00edneas de todo el mundo en t\u00e9rminos de comodidad, puntualidad y servicio al consumidor, con la finalidad de ayudar al usuario a encontrar la mejor opci\u00f3n de vuelo para su viaje. Las aerol\u00edneas fueron valoradas con base en tres diferentes aspectos para poder informar sobre el funcionamiento frente a sus competidores: calidad, servicio y proceso de reclamaciones.<\/p>\n<p>La compa\u00f1\u00eda a\u00e9rea obtuvo una calificaci\u00f3n de 8.1 puntos, lo cual la coloca en la novena posici\u00f3n mundial y la primera en la regi\u00f3n Am\u00e9rica del Norte. <strong>Luis Noriega<\/strong>, director general de la compa\u00f1\u00eda para M\u00e9xico, Centroam\u00e9rica y Cuba, se\u00f1ala \u201cestamos muy contentos de ser nombrados dentro de las principales aerol\u00edneas a nivel mundial; lo cual refleja el esfuerzo de los 30,000 empleados\u00a0\u00a0 ejecutando el plan estrat\u00e9gico del equipo directivo para convertir a la l\u00ednea a\u00e9rea\u00a0 en l\u00edder a nivel mundial, lo cual nos permite estar situados en una posici\u00f3n prominente. Particularmente siendo la \u00fanica aerol\u00ednea norteamericana nombrada en este ranking\u201d.<\/p>\n<p><em><a href=\"mailto:victoriagprado@gmail.com\" target=\"_blank\">victoriagprado@gmail.com<\/a><\/em><br \/>\n<em> Twitter: <a href=\"https:\/\/twitter.com\/victoriagprado\" target=\"_blank\">@victoriagprado<\/a><\/em><\/p>\n","protected":false},"excerpt":{"rendered":"<p>Un nuevo vuelo directo entre Santiago, Chile y Melbourne, Australia es el que anunci\u00f3 <em>LATAM Airlines Group,<\/em> que iniciar\u00e1 a partir del pr\u00f3ximo 5 de octubre de 2017 y operar\u00e1 el tramo de ida, correspondiente a la ruta Santiago-Melbourne, con m\u00e1s de 11,000 km de distancia y una duraci\u00f3n de 15 horas y ser\u00e1 el m\u00e1s largo<em> <\/em>en la historia de la compa\u00f1\u00eda.<\/p>\n","protected":false},"author":3,"featured_media":302563,"comment_status":"open","ping_status":"open","sticky":false,"template":"","format":"standard","meta":{"_monsterinsights_skip_tracking":false,"_monsterinsights_sitenote_active":false,"_monsterinsights_sitenote_note":"","_monsterinsights_sitenote_category":0,"footnotes":""},"categories":[11],"tags":[107,43674,43681,106],"class_list":["post-302505","post","type-post","status-publish","format-standard","has-post-thumbnail","hentry","category-turismo","tag-de-cinco-estrellas","tag-opinion","tag-turismo","tag-victoria-gonzalez-prado"],"_links":{"self":[{"href":"https:\/\/www.diarioimagen.net\/index.php?rest_route=\/wp\/v2\/posts\/302505","targetHints":{"allow":["GET"]}}],"collection":[{"href":"https:\/\/www.diarioimagen.net\/index.php?rest_route=\/wp\/v2\/posts"}],"about":[{"href":"https:\/\/www.diarioimagen.net\/index.php?rest_route=\/wp\/v2\/types\/post"}],"author":[{"embeddable":true,"href":"https:\/\/www.diarioimagen.net\/index.php?rest_route=\/wp\/v2\/users\/3"}],"replies":[{"embeddable":true,"href":"https:\/\/www.diarioimagen.net\/index.php?rest_route=%2Fwp%2Fv2%2Fcomments&post=302505"}],"version-history":[{"count":0,"href":"https:\/\/www.diarioimagen.net\/index.php?rest_route=\/wp\/v2\/posts\/302505\/revisions"}],"wp:featuredmedia":[{"embeddable":true,"href":"https:\/\/www.diarioimagen.net\/index.php?rest_route=\/wp\/v2\/media\/302563"}],"wp:attachment":[{"href":"https:\/\/www.diarioimagen.net\/index.php?rest_route=%2Fwp%2Fv2%2Fmedia&parent=302505"}],"wp:term":[{"taxonomy":"category","embeddable":true,"href":"https:\/\/www.diarioimagen.net\/index.php?rest_route=%2Fwp%2Fv2%2Fcategories&post=302505"},{"taxonomy":"post_tag","embeddable":true,"href":"https:\/\/www.diarioimagen.net\/index.php?rest_route=%2Fwp%2Fv2%2Ftags&post=302505"}],"curies":[{"name":"wp","href":"https:\/\/api.w.org\/{rel}","templated":true}]}}