{"id":302509,"date":"2016-12-09T00:05:31","date_gmt":"2016-12-09T06:05:31","guid":{"rendered":"http:\/\/www.diarioimagen.net\/?p=302509"},"modified":"2016-12-11T23:55:35","modified_gmt":"2016-12-12T05:55:35","slug":"ningun-nuevo-impuesto-para-2017-afirma-mancera","status":"publish","type":"post","link":"https:\/\/www.diarioimagen.net\/?p=302509","title":{"rendered":"Ning\u00fan nuevo impuesto para 2017, afirma Mancera"},"content":{"rendered":"<ul>\n<li><strong><em>Sobre plusval\u00eda<\/em><\/strong><\/li>\n<\/ul>\n<p>&nbsp;<\/p>\n<p><a href=\"http:\/\/www.diarioimagen.net\/?attachment_id=302595\" rel=\"attachment wp-att-302595\"><img loading=\"lazy\" decoding=\"async\" class=\"aligncenter size-large wp-image-302595\" src=\"http:\/\/www.diarioimagen.net\/wp-content\/uploads\/2016\/12\/plusvalia-3015-460x259.jpg\" alt=\"plusvalia-3015\" width=\"460\" height=\"259\" srcset=\"https:\/\/www.diarioimagen.net\/wp-content\/uploads\/2016\/12\/plusvalia-3015-460x259.jpg 460w, https:\/\/www.diarioimagen.net\/wp-content\/uploads\/2016\/12\/plusvalia-3015-240x135.jpg 240w, https:\/\/www.diarioimagen.net\/wp-content\/uploads\/2016\/12\/plusvalia-3015-235x132.jpg 235w, https:\/\/www.diarioimagen.net\/wp-content\/uploads\/2016\/12\/plusvalia-3015-202x114.jpg 202w, https:\/\/www.diarioimagen.net\/wp-content\/uploads\/2016\/12\/plusvalia-3015-350x196.jpg 350w, https:\/\/www.diarioimagen.net\/wp-content\/uploads\/2016\/12\/plusvalia-3015-220x123.jpg 220w, https:\/\/www.diarioimagen.net\/wp-content\/uploads\/2016\/12\/plusvalia-3015-237x132.jpg 237w, https:\/\/www.diarioimagen.net\/wp-content\/uploads\/2016\/12\/plusvalia-3015.jpg 480w\" sizes=\"auto, (max-width: 460px) 100vw, 460px\" \/><\/a><\/p>\n<p>&nbsp;<\/p>\n<p>El jefe de gobierno de la Ciudad de M\u00e9xico, Miguel \u00c1ngel Mancera Espinosa, afirm\u00f3 que ser\u00e1 vetado cualquier nuevo impuesto o forma de cobro que se pretenda realizar en detrimento de los habitantes de la capital.<\/p>\n<p>Lo anterior tras la aprobaci\u00f3n de la nueva Ley de Vivienda en la Asamblea Legislativa, la cual en su art\u00edculo 94 establece que \u201cel Gobierno de la Ciudad de M\u00e9xico deber\u00e1 generar e implementar mecanismos para la captaci\u00f3n de plusval\u00edas generadas por las acciones urban\u00edsticas\u201d.<\/p>\n<p>Cualquier impuesto que fuera nuevo y que llegara a la oficina del jefe de gobierno, o cobro o impuesto, ser\u00eda autom\u00e1ticamente vetado, yo entiendo que esta ley primero no puede ser de cobro, es una ley que regula la vivienda. Invito a los diputados de la Asamblea Legislativa es a que puedan ellos mismos a hacer las adecuaciones para dejar claridad con los ciudadanos, seguramente alguna palabra que pudiera causar confusi\u00f3n, pudiera ser revisada y mejorada\u201d, expres\u00f3 el jefe de Gobierno.<\/p>\n<p>Respecto del proyecto del art\u00edculo 21, inciso C, numeral 7 reiter\u00f3 que el error fue haber utilizado el t\u00e9rmino \u201cplusval\u00eda\u201d cuando se trata de una contribuci\u00f3n de mejora, concepto que est\u00e1 referido en el Art\u00edculo 122, apartado A, Fracci\u00f3n quinta de la Constituci\u00f3n Pol\u00edtica de los Estados Unidos Mexicanos y cuya redacci\u00f3n \u2013integra- sustituir\u00e1 al pol\u00e9mico art\u00edculo 21.<\/p>\n<p>Mancera Espinosa consider\u00f3 que el tema se ha politizado de ah\u00ed la pol\u00e9mica y discusi\u00f3n que desat\u00f3. Est\u00e1 politizado sin duda, es una intenci\u00f3n pol\u00edtica clar\u00edsima, obviamente de todos los que quisieran hacer creer esto, pero como la facultad est\u00e1 en el gobierno de la Ciudad de M\u00e9xico, pues entonces nosotros hemos fijado la posici\u00f3n muy clara, simplemente si hay un impuesto nuevo y no tenemos raz\u00f3n para ello, nuestro c\u00f3digo fiscal no est\u00e1 estableciendo ning\u00fan impuesto, no vamos a permitir la creaci\u00f3n de ninguno\u201d.<\/p>\n","protected":false},"excerpt":{"rendered":"<p>El jefe de gobierno de la Ciudad de M\u00e9xico, Miguel \u00c1ngel Mancera Espinosa, afirm\u00f3 que ser\u00e1 vetado cualquier nuevo impuesto o forma de cobro que se pretenda realizar en detrimento de los habitantes de la capital.<\/p>\n","protected":false},"author":3,"featured_media":302595,"comment_status":"open","ping_status":"open","sticky":false,"template":"","format":"standard","meta":{"_monsterinsights_skip_tracking":false,"_monsterinsights_sitenote_active":false,"_monsterinsights_sitenote_note":"","_monsterinsights_sitenote_category":0,"footnotes":""},"categories":[6],"tags":[204,6915,5314],"class_list":["post-302509","post","type-post","status-publish","format-standard","has-post-thumbnail","hentry","category-cd-de-mexico","tag-ciudad-de-mexico","tag-impuestos","tag-miguel-angel-mancera-espinosa"],"_links":{"self":[{"href":"https:\/\/www.diarioimagen.net\/index.php?rest_route=\/wp\/v2\/posts\/302509","targetHints":{"allow":["GET"]}}],"collection":[{"href":"https:\/\/www.diarioimagen.net\/index.php?rest_route=\/wp\/v2\/posts"}],"about":[{"href":"https:\/\/www.diarioimagen.net\/index.php?rest_route=\/wp\/v2\/types\/post"}],"author":[{"embeddable":true,"href":"https:\/\/www.diarioimagen.net\/index.php?rest_route=\/wp\/v2\/users\/3"}],"replies":[{"embeddable":true,"href":"https:\/\/www.diarioimagen.net\/index.php?rest_route=%2Fwp%2Fv2%2Fcomments&post=302509"}],"version-history":[{"count":0,"href":"https:\/\/www.diarioimagen.net\/index.php?rest_route=\/wp\/v2\/posts\/302509\/revisions"}],"wp:featuredmedia":[{"embeddable":true,"href":"https:\/\/www.diarioimagen.net\/index.php?rest_route=\/wp\/v2\/media\/302595"}],"wp:attachment":[{"href":"https:\/\/www.diarioimagen.net\/index.php?rest_route=%2Fwp%2Fv2%2Fmedia&parent=302509"}],"wp:term":[{"taxonomy":"category","embeddable":true,"href":"https:\/\/www.diarioimagen.net\/index.php?rest_route=%2Fwp%2Fv2%2Fcategories&post=302509"},{"taxonomy":"post_tag","embeddable":true,"href":"https:\/\/www.diarioimagen.net\/index.php?rest_route=%2Fwp%2Fv2%2Ftags&post=302509"}],"curies":[{"name":"wp","href":"https:\/\/api.w.org\/{rel}","templated":true}]}}