{"id":302524,"date":"2016-12-09T00:01:06","date_gmt":"2016-12-09T06:01:06","guid":{"rendered":"http:\/\/www.diarioimagen.net\/?p=302524"},"modified":"2016-12-09T02:49:26","modified_gmt":"2016-12-09T08:49:26","slug":"verdadero-desarrollo-inicia-en-las-aulas-jorge-olvera","status":"publish","type":"post","link":"https:\/\/www.diarioimagen.net\/?p=302524","title":{"rendered":"Verdadero desarrollo inicia en las aulas: Jorge Olvera"},"content":{"rendered":"<p><a href=\"http:\/\/www.diarioimagen.net\/?attachment_id=302584\" rel=\"attachment wp-att-302584\"><img loading=\"lazy\" decoding=\"async\" class=\"aligncenter size-large wp-image-302584\" src=\"http:\/\/www.diarioimagen.net\/wp-content\/uploads\/2016\/12\/UAEM-3015-460x259.jpg\" alt=\"uaem-3015\" width=\"460\" height=\"259\" srcset=\"https:\/\/www.diarioimagen.net\/wp-content\/uploads\/2016\/12\/UAEM-3015-460x259.jpg 460w, https:\/\/www.diarioimagen.net\/wp-content\/uploads\/2016\/12\/UAEM-3015-240x135.jpg 240w, https:\/\/www.diarioimagen.net\/wp-content\/uploads\/2016\/12\/UAEM-3015-235x132.jpg 235w, https:\/\/www.diarioimagen.net\/wp-content\/uploads\/2016\/12\/UAEM-3015-202x114.jpg 202w, https:\/\/www.diarioimagen.net\/wp-content\/uploads\/2016\/12\/UAEM-3015-350x196.jpg 350w, https:\/\/www.diarioimagen.net\/wp-content\/uploads\/2016\/12\/UAEM-3015-220x123.jpg 220w, https:\/\/www.diarioimagen.net\/wp-content\/uploads\/2016\/12\/UAEM-3015-237x132.jpg 237w, https:\/\/www.diarioimagen.net\/wp-content\/uploads\/2016\/12\/UAEM-3015.jpg 480w\" sizes=\"auto, (max-width: 460px) 100vw, 460px\" \/><\/a><\/p>\n<p>&nbsp;<\/p>\n<p>Reforzar la arquitectura social, desgraciadamente cada d\u00eda m\u00e1s d\u00e9bil por problemas como la inseguridad, el desempleo y la falta de oportunidades, es tarea primordial de los universitarios, los cient\u00edficos y la masa intelectual, afirm\u00f3 el rector de la Universidad Aut\u00f3noma del Estado de M\u00e9xico, Jorge Olvera Garc\u00eda, al encabezar la Ceremonia de Lectura del Cuarto Informe Anual de Actividades del director de la Facultad de Ciencias, Miguel \u00c1ngel L\u00f3pez D\u00edaz.<\/p>\n<p>Consider\u00f3 que mientras otras instituciones dejaron de responder al llamamiento urgente de la sociedad, las universidades p\u00fablicas est\u00e1n siempre dispuestas para aportar siempre su grano de arena, por lo que cuentan con un alto nivel de credibilidad entre los diversos sectores de la sociedad.<\/p>\n<p>&nbsp;<\/p>\n","protected":false},"excerpt":{"rendered":"<p>Reforzar la arquitectura social, desgraciadamente cada d\u00eda m\u00e1s d\u00e9bil por problemas como la inseguridad, el desempleo y la falta de oportunidades, es tarea primordial de los universitarios, los cient\u00edficos y la masa intelectual, afirm\u00f3 el rector de la Universidad Aut\u00f3noma del Estado de M\u00e9xico, Jorge Olvera Garc\u00eda, al encabezar la Ceremonia de Lectura del Cuarto Informe Anual de Actividades del director de la Facultad de Ciencias, Miguel \u00c1ngel L\u00f3pez D\u00edaz.<\/p>\n","protected":false},"author":3,"featured_media":302584,"comment_status":"open","ping_status":"open","sticky":false,"template":"","format":"standard","meta":{"_monsterinsights_skip_tracking":false,"_monsterinsights_sitenote_active":false,"_monsterinsights_sitenote_note":"","_monsterinsights_sitenote_category":0,"footnotes":""},"categories":[35155],"tags":[43675,27015,1490],"class_list":["post-302524","post","type-post","status-publish","format-standard","has-post-thumbnail","hentry","category-estado-de-mexico-estado-de-mexico","tag-estado-de-mexico","tag-jorge-olvera-garcia","tag-universidad-autonoma-del-estado-de-mexico"],"_links":{"self":[{"href":"https:\/\/www.diarioimagen.net\/index.php?rest_route=\/wp\/v2\/posts\/302524","targetHints":{"allow":["GET"]}}],"collection":[{"href":"https:\/\/www.diarioimagen.net\/index.php?rest_route=\/wp\/v2\/posts"}],"about":[{"href":"https:\/\/www.diarioimagen.net\/index.php?rest_route=\/wp\/v2\/types\/post"}],"author":[{"embeddable":true,"href":"https:\/\/www.diarioimagen.net\/index.php?rest_route=\/wp\/v2\/users\/3"}],"replies":[{"embeddable":true,"href":"https:\/\/www.diarioimagen.net\/index.php?rest_route=%2Fwp%2Fv2%2Fcomments&post=302524"}],"version-history":[{"count":0,"href":"https:\/\/www.diarioimagen.net\/index.php?rest_route=\/wp\/v2\/posts\/302524\/revisions"}],"wp:featuredmedia":[{"embeddable":true,"href":"https:\/\/www.diarioimagen.net\/index.php?rest_route=\/wp\/v2\/media\/302584"}],"wp:attachment":[{"href":"https:\/\/www.diarioimagen.net\/index.php?rest_route=%2Fwp%2Fv2%2Fmedia&parent=302524"}],"wp:term":[{"taxonomy":"category","embeddable":true,"href":"https:\/\/www.diarioimagen.net\/index.php?rest_route=%2Fwp%2Fv2%2Fcategories&post=302524"},{"taxonomy":"post_tag","embeddable":true,"href":"https:\/\/www.diarioimagen.net\/index.php?rest_route=%2Fwp%2Fv2%2Ftags&post=302524"}],"curies":[{"name":"wp","href":"https:\/\/api.w.org\/{rel}","templated":true}]}}