{"id":302587,"date":"2016-12-09T00:04:25","date_gmt":"2016-12-09T06:04:25","guid":{"rendered":"http:\/\/www.diarioimagen.net\/?p=302587"},"modified":"2016-12-09T02:11:03","modified_gmt":"2016-12-09T08:11:03","slug":"cienfuegos-no-a-los-balazos","status":"publish","type":"post","link":"https:\/\/www.diarioimagen.net\/?p=302587","title":{"rendered":"Cienfuegos: no a los balazos"},"content":{"rendered":"<h2 style=\"text-align: justify;\">Desde el portal<\/h2>\n<h5 style=\"text-align: justify;\">\u00c1ngel Soriano<\/h5>\n<p>&nbsp;<\/p>\n<p>Coincide la postura del titular de Sedena, Salvador Cienfuegos, con la decisi\u00f3n del gobernador de Oaxaca, Alejandro Murat Hinojosa \u2013y avalada por el titular de la SEP, Aurelio Nu\u00f1o- de que los problemas del pa\u00eds no se resuelven a balazos.<\/p>\n<p>Y Murat, frente al perseguido y encarcelado dirigente magisterial, Rub\u00e9n N\u00fa\u00f1ez, lleg\u00f3 a acuerdos sin el desplazamiento de tropas ni el costoso y burocr\u00e1tico traslado de polic\u00edas federales y sus ineficientes mandos; hubo voluntad de di\u00e1logo, reconocido por ambas partes, para regularizar 3,699 plazas de maestros despedidos por no presentarse a trabajar, pero que ser\u00e1n recontratados una vez que vuelvan a las aulas y no afecten el calendario escolar, como se acord\u00f3.<\/p>\n<p>Ni marchas, ni plantones, ni bombas \u201cMolotov\u201d; no hubo enfrentamientos, baleados ni gaseados: simple y sencillamente hubo di\u00e1logo.<\/p>\n<p>Y esa es la gobernabilidad que requiere el pa\u00eds, y la tropa est\u00e1 dispuesta a regresar a sus cuarteles. \u201cLevanto las dos manos para volver a las labores propias del Ej\u00e9rcito; para combatir la delincuencia est\u00e1n las polic\u00edas\u201d, sostiene el general Cienfuegos.<\/p>\n<p>La decisi\u00f3n es simple: en Oaxaca vuelve la civilidad mediante el di\u00e1logo, los acuerdos y la gobernabilidad; basta ya de violencia y de acciones irracionales; es preciso que vuelva la pol\u00edtica como \u00fanico instrumento de la sociedad civilizada para vivir en paz.<\/p>\n<p style=\"text-align: center;\"><strong>TURBULENCIA<br \/>\nPor fin hay orden en el Metro<\/strong><\/p>\n<p>Y la vuelta al orden y la civilidad se aplica tambi\u00e9n en el Metro. Resultaba absurdo que se dejara entrar a mil, dos mil, cinco mil pasajeros cuando la capacidad de los vagones est\u00e1 limitada un n\u00famero determinado; resultaba incongruente que pasaran, o pasen, m\u00e1s pasajeros que los que realmente caben; las peleas, insultos, empellones e incomodidades, no tienen raz\u00f3n: deben tener acceso los que realmente pueden viajar sin atropellarse, no c\u00f3modamente, pero s\u00ed cu\u00e1ndo menos en condiciones aceptables; bien por el director Jorge Gavi\u00f1o Ambriz. Lo que realmente requiere el pa\u00eds son funcionarios con sensibilidad pol\u00edtica y no af\u00e1n de enriquecimiento\u2026Jorge Aguilar Osorio, de Alternativa Democr\u00e1tica del PRD de Quintana Roo, rechaz\u00f3 la propuesta del diputado local perredista, Emiliano Ramos es retr\u00f3grada, de pretender criminalizar al servicio de transporte p\u00fablico no regularizado, como Uber, lo que impide la libre competencia para que los ciudadanos tengan opci\u00f3n de elegir la que mejor le convenga; \u201csi bien los taxistas est\u00e1n en todo su derecho de defender su patrimonio, la criminalizaci\u00f3n no es para nada la soluci\u00f3n\u201d, sentenci\u00f3\u2026.- Es necesario brindar mayor certeza en el manejo de los recursos, y la falta de transparencia con la que se aprobaron cambios a la propuesta de inversi\u00f3n del Programa Operativo Anual (POA), sin conocer el destino real de 79.2 millones de pesos, constituye en acciones que favorecen la corrupci\u00f3n, afirm\u00f3 Enrique Rodr\u00edguez Luna, s\u00e9ptimo regidor en el ayuntamiento de Tulum.\u201cSeguir\u00e9 votando en contra de los actos del ayuntamiento que da\u00f1en a la poblaci\u00f3n, es necesario conocer a detalle en qu\u00e9 y c\u00f3mo se aplicar\u00e1n los recursos\u00a0 para emitir un voto responsable\u201d, puntualiz\u00f3 el regidor de la Comisi\u00f3n de Trabajo y Previsi\u00f3n Social\u2026Claudia Silva Fern\u00e1ndez, Instituto Estatal de Educaci\u00f3n para Adultos; Alfredo Aar\u00f3n Ju\u00e1rez Cruz, Consejo Estatal de los Sistemas Producto; Mariuma Munira Vadillo Bravo, Instituto Oaxaque\u00f1o de Atenci\u00f3n al Migrante; Jorge Florentino L\u00f3pez, Instituto de Servicios de Salud; Marcelo D\u00edaz de Le\u00f3n Muriedas, Servicios de Agua Potable y Alcantarillado; Paulo Tapia Palacios, Consejo Oaxaque\u00f1o de Ciencias y Tecnolog\u00edas; Zory Marystel Ziga Mart\u00ednez, Comisi\u00f3n Estatal para la Planeaci\u00f3n de la Educaci\u00f3n Media y Superior; Hermenegildo Vel\u00e1squez Ayala, Comisi\u00f3n Estatal para la Planeaci\u00f3n de la Educaci\u00f3n Superior; Alfonso Mart\u00ednez Ruiz, Instituto de Vivienda de Oaxaca; Francisco Javier Silva, Coordinaci\u00f3n General del Seguro Popular, son las nuevas designaciones hechas por el gobernador Alejandro Murat Hinojosa\u2026<\/p>\n<p><em><a href=\"http:\/\/www.revista-brecha.com\/\" target=\"_blank\">www.revista-brecha.com<br \/>\n<\/a><a href=\"mailto:asorianodesdelportalo@hotmail.com\" target=\"_blank\">asorianodesdelportalo@hotmail.com<\/a><\/em><\/p>\n","protected":false},"excerpt":{"rendered":"<p><span style=\"color: #005497;\"><strong>\u00c1ngel Soriano<\/strong><\/span><\/p>\n","protected":false},"author":3,"featured_media":0,"comment_status":"open","ping_status":"open","sticky":false,"template":"","format":"standard","meta":{"_monsterinsights_skip_tracking":false,"_monsterinsights_sitenote_active":false,"_monsterinsights_sitenote_note":"","_monsterinsights_sitenote_category":0,"footnotes":""},"categories":[135],"tags":[85,86,43674],"class_list":["post-302587","post","type-post","status-publish","format-standard","hentry","category-angel-soriano-opinion","tag-angel-soriano","tag-desde-el-portal","tag-opinion"],"_links":{"self":[{"href":"https:\/\/www.diarioimagen.net\/index.php?rest_route=\/wp\/v2\/posts\/302587","targetHints":{"allow":["GET"]}}],"collection":[{"href":"https:\/\/www.diarioimagen.net\/index.php?rest_route=\/wp\/v2\/posts"}],"about":[{"href":"https:\/\/www.diarioimagen.net\/index.php?rest_route=\/wp\/v2\/types\/post"}],"author":[{"embeddable":true,"href":"https:\/\/www.diarioimagen.net\/index.php?rest_route=\/wp\/v2\/users\/3"}],"replies":[{"embeddable":true,"href":"https:\/\/www.diarioimagen.net\/index.php?rest_route=%2Fwp%2Fv2%2Fcomments&post=302587"}],"version-history":[{"count":0,"href":"https:\/\/www.diarioimagen.net\/index.php?rest_route=\/wp\/v2\/posts\/302587\/revisions"}],"wp:attachment":[{"href":"https:\/\/www.diarioimagen.net\/index.php?rest_route=%2Fwp%2Fv2%2Fmedia&parent=302587"}],"wp:term":[{"taxonomy":"category","embeddable":true,"href":"https:\/\/www.diarioimagen.net\/index.php?rest_route=%2Fwp%2Fv2%2Fcategories&post=302587"},{"taxonomy":"post_tag","embeddable":true,"href":"https:\/\/www.diarioimagen.net\/index.php?rest_route=%2Fwp%2Fv2%2Ftags&post=302587"}],"curies":[{"name":"wp","href":"https:\/\/api.w.org\/{rel}","templated":true}]}}