{"id":302871,"date":"2016-12-13T00:08:44","date_gmt":"2016-12-13T06:08:44","guid":{"rendered":"http:\/\/www.diarioimagen.net\/?p=302871"},"modified":"2016-12-15T12:27:48","modified_gmt":"2016-12-15T18:27:48","slug":"entrega-eruviel-avila-apoyos-para-renovar-unidades-de-transporte-viejas","status":"publish","type":"post","link":"https:\/\/www.diarioimagen.net\/?p=302871","title":{"rendered":"Apoyos a transportistas para renovar sus unidades"},"content":{"rendered":"<ul>\n<li><strong><em>Se les entregaron hasta 50 mil pesos para el enganche de una nueva<\/em><\/strong><\/li>\n<\/ul>\n<h6>Jos\u00e9 Luis Monta\u00f1ez<\/h6>\n<div id=\"attachment_302872\" style=\"width: 470px\" class=\"wp-caption aligncenter\"><a href=\"http:\/\/www.diarioimagen.net\/?attachment_id=302872\" rel=\"attachment wp-att-302872\"><img loading=\"lazy\" decoding=\"async\" aria-describedby=\"caption-attachment-302872\" class=\"size-large wp-image-302872\" src=\"http:\/\/www.diarioimagen.net\/wp-content\/uploads\/2016\/12\/ERUVIEL13-portal-460x268.jpg\" alt=\"\" width=\"460\" height=\"268\" srcset=\"https:\/\/www.diarioimagen.net\/wp-content\/uploads\/2016\/12\/ERUVIEL13-portal-460x268.jpg 460w, https:\/\/www.diarioimagen.net\/wp-content\/uploads\/2016\/12\/ERUVIEL13-portal-240x140.jpg 240w, https:\/\/www.diarioimagen.net\/wp-content\/uploads\/2016\/12\/ERUVIEL13-portal.jpg 480w\" sizes=\"auto, (max-width: 460px) 100vw, 460px\" \/><\/a><p id=\"caption-attachment-302872\" class=\"wp-caption-text\">Eruviel \u00c1vila Villegas entreg\u00f3 apoyos, de entre 11 mil y 50 mil pesos, para que propietarios de mil unidades de transporte p\u00fablico renueven veh\u00edculos.<\/p><\/div>\n<p>&nbsp;<\/p>\n<p><strong>Toluca, Estado de M\u00e9xico<\/strong>.- Para ofrecer un mejor transporte p\u00fablico y reducir contaminaci\u00f3n, el gobernador Eruviel \u00c1vila Villegas entreg\u00f3 apoyos econ\u00f3micos, de entre 11 mil y 50 mil pesos, para que propietarios de mil unidades de transporte p\u00fablico renueven sus veh\u00edculos, retirados de circulaci\u00f3n durante los operativos del Plan Tres (Transporte Estatal Seguro), al detectarlos con vida \u00fatil concluida y altamente contaminantes.<\/p>\n<p>Se trata de propietarios de autom\u00f3viles, camionetas, vagonetas, microbuses y autobuses, que recibieron el apoyo para utilizarlo como enganche para la compra de una nueva unidad y as\u00ed mejorar el transporte p\u00fablico, que es una de las principales demandas de los mexiquenses.<\/p>\n<p>\u201cLo que queremos realmente es mejorar el transporte p\u00fablico del estado y no queremos de ninguna manera afectar a los empresarios y a los emprendedores del transporte en nuestro querido Estado de M\u00e9xico, ese no es el objetivo, el objetivo es apoyarlos, pero que tambi\u00e9n nos ayuden a mejorar el servicio de transporte p\u00fablico porque es una de las tres demandas, entre ellas, la de seguridad p\u00fablica, m\u00e1s sentidas por la poblaci\u00f3n\u201d, dijo.<\/p>\n<p>Eruviel \u00c1vila explic\u00f3 que en beneficio de los transportistas y sus familias, tambi\u00e9n les ser\u00e1n condonadas las multas originadas al ser detectados con irregularidades durante los operativos del Plan Tres, que a la fecha suman 5 mil unidades.<\/p>\n<p>Ante empresarios de transporte p\u00fablico, destac\u00f3 que el Instituto Internacional de Transporte Limpio se\u00f1ala que, en M\u00e9xico, los automotores son responsables del 90 por ciento del di\u00f3xido de carbono (CO2) que se emite a la atm\u00f3sfera.<\/p>\n<p>Por ello, el impulso de este tipo de acciones en el Edomex, a las que se suma la entrega de 20 mil convertidores catal\u00edticos y la promoci\u00f3n del uso de gas en vez de gasolina en taxis.<\/p>\n<p>Esto, dijo, permitir\u00e1 mejorar las condiciones ambientales y la salud de la gente, al prevenir enfermedades respiratorias.<\/p>\n<p>Agreg\u00f3 que se trabajar\u00e1 con el Instituto Polit\u00e9cnico Nacional y con la Universidad Aut\u00f3noma del Estado de M\u00e9xico, para analizar las condiciones en las que ofrecen sus servicios los transportistas, y en caso de que requieran alg\u00fan tipo de apoyo poder otorg\u00e1rselo, sobre todo para brindarles certeza jur\u00eddica.<\/p>\n","protected":false},"excerpt":{"rendered":"<p><span style=\"color: #005497;\">Jos\u00e9 Luis Monta\u00f1ez<\/span><br \/>\n<br \/>\nPara ofrecer un mejor transporte p\u00fablico y reducir contaminaci\u00f3n, el gobernador Eruviel \u00c1vila Villegas entreg\u00f3 apoyos econ\u00f3micos, de entre 11 mil y 50 mil pesos, para que propietarios de mil unidades de transporte p\u00fablico renueven sus veh\u00edculos, retirados de circulaci\u00f3n durante los operativos del Plan Tres (Transporte Estatal Seguro), al detectarlos con vida \u00fatil concluida y altamente contaminantes.<\/p>\n","protected":false},"author":5,"featured_media":302872,"comment_status":"open","ping_status":"open","sticky":false,"template":"","format":"standard","meta":{"_monsterinsights_skip_tracking":false,"_monsterinsights_sitenote_active":false,"_monsterinsights_sitenote_note":"","_monsterinsights_sitenote_category":0,"footnotes":""},"categories":[5],"tags":[2701,5828,43675,50455,452],"class_list":["post-302871","post","type-post","status-publish","format-standard","has-post-thumbnail","hentry","category-estado-de-mexico","tag-apoyo","tag-eruviel-avila-villegas","tag-estado-de-mexico","tag-plan-tres","tag-toluca"],"_links":{"self":[{"href":"https:\/\/www.diarioimagen.net\/index.php?rest_route=\/wp\/v2\/posts\/302871","targetHints":{"allow":["GET"]}}],"collection":[{"href":"https:\/\/www.diarioimagen.net\/index.php?rest_route=\/wp\/v2\/posts"}],"about":[{"href":"https:\/\/www.diarioimagen.net\/index.php?rest_route=\/wp\/v2\/types\/post"}],"author":[{"embeddable":true,"href":"https:\/\/www.diarioimagen.net\/index.php?rest_route=\/wp\/v2\/users\/5"}],"replies":[{"embeddable":true,"href":"https:\/\/www.diarioimagen.net\/index.php?rest_route=%2Fwp%2Fv2%2Fcomments&post=302871"}],"version-history":[{"count":0,"href":"https:\/\/www.diarioimagen.net\/index.php?rest_route=\/wp\/v2\/posts\/302871\/revisions"}],"wp:featuredmedia":[{"embeddable":true,"href":"https:\/\/www.diarioimagen.net\/index.php?rest_route=\/wp\/v2\/media\/302872"}],"wp:attachment":[{"href":"https:\/\/www.diarioimagen.net\/index.php?rest_route=%2Fwp%2Fv2%2Fmedia&parent=302871"}],"wp:term":[{"taxonomy":"category","embeddable":true,"href":"https:\/\/www.diarioimagen.net\/index.php?rest_route=%2Fwp%2Fv2%2Fcategories&post=302871"},{"taxonomy":"post_tag","embeddable":true,"href":"https:\/\/www.diarioimagen.net\/index.php?rest_route=%2Fwp%2Fv2%2Ftags&post=302871"}],"curies":[{"name":"wp","href":"https:\/\/api.w.org\/{rel}","templated":true}]}}