{"id":302916,"date":"2016-12-13T00:10:20","date_gmt":"2016-12-13T06:10:20","guid":{"rendered":"http:\/\/www.diarioimagen.net\/?p=302916"},"modified":"2016-12-13T05:07:15","modified_gmt":"2016-12-13T11:07:15","slug":"realizan-mas-de-dos-mil-cirugias-de-ojos-gratis","status":"publish","type":"post","link":"https:\/\/www.diarioimagen.net\/?p=302916","title":{"rendered":"Realizan m\u00e1s de dos mil cirug\u00edas de ojos gratis"},"content":{"rendered":"<ul>\n<li><strong><em>En el Hospital de la Salud Visual Mexiquense<\/em><\/strong><\/li>\n<\/ul>\n<p>&nbsp;<\/p>\n<div id=\"attachment_303027\" style=\"width: 470px\" class=\"wp-caption aligncenter\"><a href=\"http:\/\/www.diarioimagen.net\/?attachment_id=303027\" rel=\"attachment wp-att-303027\"><img loading=\"lazy\" decoding=\"async\" aria-describedby=\"caption-attachment-303027\" class=\"size-large wp-image-303027\" src=\"http:\/\/www.diarioimagen.net\/wp-content\/uploads\/2016\/12\/edomex-3017-460x259.jpg\" alt=\"\" width=\"460\" height=\"259\" srcset=\"https:\/\/www.diarioimagen.net\/wp-content\/uploads\/2016\/12\/edomex-3017-460x259.jpg 460w, https:\/\/www.diarioimagen.net\/wp-content\/uploads\/2016\/12\/edomex-3017-240x135.jpg 240w, https:\/\/www.diarioimagen.net\/wp-content\/uploads\/2016\/12\/edomex-3017-235x132.jpg 235w, https:\/\/www.diarioimagen.net\/wp-content\/uploads\/2016\/12\/edomex-3017-202x114.jpg 202w, https:\/\/www.diarioimagen.net\/wp-content\/uploads\/2016\/12\/edomex-3017-350x196.jpg 350w, https:\/\/www.diarioimagen.net\/wp-content\/uploads\/2016\/12\/edomex-3017-220x123.jpg 220w, https:\/\/www.diarioimagen.net\/wp-content\/uploads\/2016\/12\/edomex-3017-237x132.jpg 237w, https:\/\/www.diarioimagen.net\/wp-content\/uploads\/2016\/12\/edomex-3017.jpg 480w\" sizes=\"auto, (max-width: 460px) 100vw, 460px\" \/><\/a><p id=\"caption-attachment-303027\" class=\"wp-caption-text\">M\u00e1s de dos mil mexiquenses recuperaron su visi\u00f3n al ser operados de alguna enfermedad de ceguera reversible en el Hospital de la Salud Visual Mexiquense.<\/p><\/div>\n<p>&nbsp;<\/p>\n<p><strong>Toluca, Estado de M\u00e9xico<\/strong>.- Durante la conmemoraci\u00f3n del D\u00eda del Oftalm\u00f3logo, se dio a conocer que en el Estado de M\u00e9xico m\u00e1s de 2 mil personas recuperaron su visi\u00f3n al ser operados de alguna enfermedad de ceguera reversible en el Hospital de la Salud Visual Mexiquense \u201cDr. Manuel Uribe y Troncoso\u201d, del Instituto de Salud estatal (ISEM), donde especialistas tambi\u00e9n brindaron alrededor de 44 mil 500 consultas con tratamientos integrales gratuitos, en lo que va del a\u00f1o.<\/p>\n<p>C\u00e9sar G\u00f3mez, secretario de Salud estatal, reconoci\u00f3 la labor de los especialistas que otorgan su servicio para que los mexiquenses conserven o recuperen la vista, ya que se estima que la calidad de vida de una persona con discapacidad visual es afectada hasta en un 43 por ciento en sus actividades.<\/p>\n<p>Agreg\u00f3 que en este hospital se llevan a cabo las cirug\u00edas de cataratas, con lo que ya han sido beneficiados m\u00e1s de 2 mil pacientes quienes ya han recuperado hasta el 90 por ciento de la visi\u00f3n, debido a una ceguera transitoria que les gener\u00f3 el padecimiento. Adem\u00e1s, se\u00f1al\u00f3 que con este hospital, el ISEM cuenta con 13 unidades m\u00e9dicas que cuentan con la especialidad de oftalmolog\u00eda donde los mexiquenses pueden acudir a atender los padecimientos de los ojos m\u00e1s frecuentes como: conjuntivitis, baja visual, retinopat\u00eda, glaucoma y cataratas.<\/p>\n<p>Entre los nosocomios con esta especialidad est\u00e1n los Hospitales Generales de Atizap\u00e1n, Ecatepec \u201cDr. Jos\u00e9 Mar\u00eda Rodr\u00edguez\u201d y \u201cLas Am\u00e9ricas\u201d, en Cuautitlan \u201cJos\u00e9 Vicente Villada\u201d,\u00a0 \u201cDr. Nicol\u00e1s San Juan\u201d, de Nezahualc\u00f3yotl \u201cDr. Gustavo Baz Prada\u201d y \u201cLa Perla\u201d, en Tlalnepantla \u201cValle Ceyl\u00e1n\u201d y el Centro M\u00e9dico \u201cLic. Adolfo L\u00f3pez Mateos\u201d.<\/p>\n<p>&nbsp;<\/p>\n","protected":false},"excerpt":{"rendered":"<p>Durante la conmemoraci\u00f3n del D\u00eda del Oftalm\u00f3logo, se dio a conocer que en el Estado de M\u00e9xico m\u00e1s de 2 mil personas recuperaron su visi\u00f3n al ser operados de alguna enfermedad de ceguera reversible en el Hospital de la Salud Visual Mexiquense \u201cDr. Manuel Uribe y Troncoso\u201d, del Instituto de Salud estatal (ISEM), donde especialistas tambi\u00e9n brindaron alrededor de 44 mil 500 consultas con tratamientos integrales gratuitos, en lo que va del a\u00f1o.<\/p>\n","protected":false},"author":3,"featured_media":303027,"comment_status":"open","ping_status":"open","sticky":false,"template":"","format":"standard","meta":{"_monsterinsights_skip_tracking":false,"_monsterinsights_sitenote_active":false,"_monsterinsights_sitenote_note":"","_monsterinsights_sitenote_category":0,"footnotes":""},"categories":[5],"tags":[43675,48644,8034,452],"class_list":["post-302916","post","type-post","status-publish","format-standard","has-post-thumbnail","hentry","category-estado-de-mexico","tag-estado-de-mexico","tag-gratis","tag-ojos","tag-toluca"],"_links":{"self":[{"href":"https:\/\/www.diarioimagen.net\/index.php?rest_route=\/wp\/v2\/posts\/302916","targetHints":{"allow":["GET"]}}],"collection":[{"href":"https:\/\/www.diarioimagen.net\/index.php?rest_route=\/wp\/v2\/posts"}],"about":[{"href":"https:\/\/www.diarioimagen.net\/index.php?rest_route=\/wp\/v2\/types\/post"}],"author":[{"embeddable":true,"href":"https:\/\/www.diarioimagen.net\/index.php?rest_route=\/wp\/v2\/users\/3"}],"replies":[{"embeddable":true,"href":"https:\/\/www.diarioimagen.net\/index.php?rest_route=%2Fwp%2Fv2%2Fcomments&post=302916"}],"version-history":[{"count":0,"href":"https:\/\/www.diarioimagen.net\/index.php?rest_route=\/wp\/v2\/posts\/302916\/revisions"}],"wp:featuredmedia":[{"embeddable":true,"href":"https:\/\/www.diarioimagen.net\/index.php?rest_route=\/wp\/v2\/media\/303027"}],"wp:attachment":[{"href":"https:\/\/www.diarioimagen.net\/index.php?rest_route=%2Fwp%2Fv2%2Fmedia&parent=302916"}],"wp:term":[{"taxonomy":"category","embeddable":true,"href":"https:\/\/www.diarioimagen.net\/index.php?rest_route=%2Fwp%2Fv2%2Fcategories&post=302916"},{"taxonomy":"post_tag","embeddable":true,"href":"https:\/\/www.diarioimagen.net\/index.php?rest_route=%2Fwp%2Fv2%2Ftags&post=302916"}],"curies":[{"name":"wp","href":"https:\/\/api.w.org\/{rel}","templated":true}]}}