{"id":303112,"date":"2016-12-14T00:06:49","date_gmt":"2016-12-14T06:06:49","guid":{"rendered":"http:\/\/www.diarioimagen.net\/?p=303112"},"modified":"2016-12-15T02:56:04","modified_gmt":"2016-12-15T08:56:04","slug":"alto-comisionado-de-onu-para-los-derechos-humanos-reconoce-al-edomex","status":"publish","type":"post","link":"https:\/\/www.diarioimagen.net\/?p=303112","title":{"rendered":"Alto Comisionado de la ONU reconoce a Edomex"},"content":{"rendered":"<ul>\n<li><strong><em>Generaci\u00f3n de pol\u00edticas p\u00fablicas orientadas a los grupos vulnerables<\/em><\/strong><\/li>\n<\/ul>\n<p>&nbsp;<\/p>\n<div id=\"attachment_303113\" style=\"width: 470px\" class=\"wp-caption aligncenter\"><a href=\"http:\/\/www.diarioimagen.net\/?attachment_id=303113\" rel=\"attachment wp-att-303113\"><img loading=\"lazy\" decoding=\"async\" aria-describedby=\"caption-attachment-303113\" class=\"size-large wp-image-303113\" src=\"http:\/\/www.diarioimagen.net\/wp-content\/uploads\/2016\/12\/ERUVIEL14-portal-460x268.jpg\" alt=\"\" width=\"460\" height=\"268\" srcset=\"https:\/\/www.diarioimagen.net\/wp-content\/uploads\/2016\/12\/ERUVIEL14-portal-460x268.jpg 460w, https:\/\/www.diarioimagen.net\/wp-content\/uploads\/2016\/12\/ERUVIEL14-portal-240x140.jpg 240w, https:\/\/www.diarioimagen.net\/wp-content\/uploads\/2016\/12\/ERUVIEL14-portal.jpg 480w\" sizes=\"auto, (max-width: 460px) 100vw, 460px\" \/><\/a><p id=\"caption-attachment-303113\" class=\"wp-caption-text\">Alto Comisionado de ONU reconoci\u00f3 al gobernador Eruviel \u00c1vila Villegas por la creaci\u00f3n del Programa de Derechos Humanos del Estado de M\u00e9xico.<\/p><\/div>\n<p>&nbsp;<\/p>\n<p><strong>Toluca, Estado de M\u00e9xico<\/strong>.- El representante adjunto en M\u00e9xico del Alto Comisionado de las Naciones Unidas para los Derechos Humanos, Jes\u00fas Pe\u00f1a Palacios, reconoci\u00f3 al gobernador Eruviel \u00c1vila Villegas por la creaci\u00f3n del Programa de Derechos Humanos del Estado de M\u00e9xico, que garantizar\u00e1 la protecci\u00f3n, garant\u00eda y respeto en este rubro, y permitir\u00e1 la generaci\u00f3n de pol\u00edticas p\u00fablicas orientadas a los grupos vulnerables.<\/p>\n<p>Adem\u00e1s, dijo, ser\u00e1 un ejemplo para otras entidades del pa\u00eds que a\u00fan no cuentan con un plan y un an\u00e1lisis en la materia.<\/p>\n<p>\u201cLos avances logrados en el Estado de M\u00e9xico forman parte de una estrategia nacional para el desarrollo de pol\u00edticas p\u00fablicas de derechos humanos, y las pr\u00e1cticas y experiencias generadas ac\u00e1 seguramente servir\u00e1n como un referente para el trabajo que deben realizar otros estados de la Rep\u00fablica dado que todav\u00eda varias de estas entidades no cuentan con un Programa de Derechos Humanos\u201d, expres\u00f3.<\/p>\n<p>En Toluca, durante la presentaci\u00f3n del Programa de Derechos Humanos, que cont\u00f3 con la participaci\u00f3n de Roberto Campa Cifri\u00e1n, subsecretario de Derechos Humanos de la Secretar\u00eda de Gobernaci\u00f3n, Pe\u00f1a Palacios destac\u00f3 que en el Estado de M\u00e9xico se haya tomado en cuenta los indicadores de la Oficina del Alto Comisionado de las Naciones Unidas, lo que demuestra que se atienden recomendaciones internacionales para enfrentar los retos que tiene la entidad en esta materia.<\/p>\n<p>Por su parte, el gobernador Eruviel \u00c1vila Villegas asegur\u00f3 que este plan tiene como objetivo contar con un modelo de sociedad en donde prevalezca el respeto, la protecci\u00f3n y la promoci\u00f3n de los derechos humanos.<\/p>\n<p>Por ello, agreg\u00f3 que, para garantizar su cumplimiento, se present\u00f3 ante la la C\u00e1mara de Diputados local una iniciativa para que el programa se convierta en ley.<\/p>\n","protected":false},"excerpt":{"rendered":"<p>El representante adjunto en M\u00e9xico del Alto Comisionado de las Naciones Unidas para los Derechos Humanos, Jes\u00fas Pe\u00f1a Palacios, reconoci\u00f3 al gobernador Eruviel \u00c1vila Villegas por la creaci\u00f3n del Programa de Derechos Humanos del Estado de M\u00e9xico, que garantizar\u00e1 la protecci\u00f3n, garant\u00eda y respeto en este rubro, y permitir\u00e1 la generaci\u00f3n de pol\u00edticas p\u00fablicas orientadas a los grupos vulnerables.<\/p>\n","protected":false},"author":5,"featured_media":303113,"comment_status":"open","ping_status":"open","sticky":false,"template":"","format":"standard","meta":{"_monsterinsights_skip_tracking":false,"_monsterinsights_sitenote_active":false,"_monsterinsights_sitenote_note":"","_monsterinsights_sitenote_category":0,"footnotes":""},"categories":[5],"tags":[4340,68,5828,43675,617,452],"class_list":["post-303112","post","type-post","status-publish","format-standard","has-post-thumbnail","hentry","category-estado-de-mexico","tag-derechos-humanos","tag-edomex","tag-eruviel-avila-villegas","tag-estado-de-mexico","tag-onu","tag-toluca"],"_links":{"self":[{"href":"https:\/\/www.diarioimagen.net\/index.php?rest_route=\/wp\/v2\/posts\/303112","targetHints":{"allow":["GET"]}}],"collection":[{"href":"https:\/\/www.diarioimagen.net\/index.php?rest_route=\/wp\/v2\/posts"}],"about":[{"href":"https:\/\/www.diarioimagen.net\/index.php?rest_route=\/wp\/v2\/types\/post"}],"author":[{"embeddable":true,"href":"https:\/\/www.diarioimagen.net\/index.php?rest_route=\/wp\/v2\/users\/5"}],"replies":[{"embeddable":true,"href":"https:\/\/www.diarioimagen.net\/index.php?rest_route=%2Fwp%2Fv2%2Fcomments&post=303112"}],"version-history":[{"count":0,"href":"https:\/\/www.diarioimagen.net\/index.php?rest_route=\/wp\/v2\/posts\/303112\/revisions"}],"wp:featuredmedia":[{"embeddable":true,"href":"https:\/\/www.diarioimagen.net\/index.php?rest_route=\/wp\/v2\/media\/303113"}],"wp:attachment":[{"href":"https:\/\/www.diarioimagen.net\/index.php?rest_route=%2Fwp%2Fv2%2Fmedia&parent=303112"}],"wp:term":[{"taxonomy":"category","embeddable":true,"href":"https:\/\/www.diarioimagen.net\/index.php?rest_route=%2Fwp%2Fv2%2Fcategories&post=303112"},{"taxonomy":"post_tag","embeddable":true,"href":"https:\/\/www.diarioimagen.net\/index.php?rest_route=%2Fwp%2Fv2%2Ftags&post=303112"}],"curies":[{"name":"wp","href":"https:\/\/api.w.org\/{rel}","templated":true}]}}