{"id":303148,"date":"2016-12-14T00:08:27","date_gmt":"2016-12-14T06:08:27","guid":{"rendered":"http:\/\/www.diarioimagen.net\/?p=303148"},"modified":"2016-12-14T04:00:16","modified_gmt":"2016-12-14T10:00:16","slug":"garantizan-total-respeto-a-los-derechos-humanos","status":"publish","type":"post","link":"https:\/\/www.diarioimagen.net\/?p=303148","title":{"rendered":"Garantizan total respeto a los Derechos Humanos"},"content":{"rendered":"<h2>Arco Norte<\/h2>\n<h5>Jos\u00e9 Luis Monta\u00f1ez Aguilar<\/h5>\n<p>&nbsp;<\/p>\n<p><a href=\"http:\/\/www.diarioimagen.net\/?attachment_id=303249\" rel=\"attachment wp-att-303249\"><img loading=\"lazy\" decoding=\"async\" class=\"aligncenter size-large wp-image-303249\" src=\"http:\/\/www.diarioimagen.net\/wp-content\/uploads\/2016\/12\/arco-3018-460x259.jpg\" alt=\"\" width=\"460\" height=\"259\" srcset=\"https:\/\/www.diarioimagen.net\/wp-content\/uploads\/2016\/12\/arco-3018-460x259.jpg 460w, https:\/\/www.diarioimagen.net\/wp-content\/uploads\/2016\/12\/arco-3018-240x135.jpg 240w, https:\/\/www.diarioimagen.net\/wp-content\/uploads\/2016\/12\/arco-3018-235x132.jpg 235w, https:\/\/www.diarioimagen.net\/wp-content\/uploads\/2016\/12\/arco-3018-202x114.jpg 202w, https:\/\/www.diarioimagen.net\/wp-content\/uploads\/2016\/12\/arco-3018-350x196.jpg 350w, https:\/\/www.diarioimagen.net\/wp-content\/uploads\/2016\/12\/arco-3018-220x123.jpg 220w, https:\/\/www.diarioimagen.net\/wp-content\/uploads\/2016\/12\/arco-3018-237x132.jpg 237w, https:\/\/www.diarioimagen.net\/wp-content\/uploads\/2016\/12\/arco-3018.jpg 480w\" sizes=\"auto, (max-width: 460px) 100vw, 460px\" \/><\/a><\/p>\n<p>&nbsp;<\/p>\n<p>Jes\u00fas Pe\u00f1a, representante adjunto en M\u00e9xico del Alto Comisionado de las Naciones Unidas para los Derechos Humanos, reconoci\u00f3 al gobernador Eruviel \u00c1vila por la creaci\u00f3n del Programa de Derechos Humanos del Estado de M\u00e9xico, que garantizar\u00e1 la protecci\u00f3n y respeto en este tema, y permitir\u00e1 la generaci\u00f3n de pol\u00edticas p\u00fablicas orientadas a los grupos vulnerables.<\/p>\n<p>Agreg\u00f3 que esto hace de la entidad un ejemplo para otros estados del pa\u00eds que a\u00fan no cuentan con un plan y un an\u00e1lisis en la materia.<\/p>\n<p>Durante la presentaci\u00f3n del Programa de Derechos Humanos, Jes\u00fas Pe\u00f1a destac\u00f3 que en el Estado de M\u00e9xico se haya tomado en cuenta los indicadores de la Oficina del Alto Comisionado de las Naciones Unidas, lo que demuestra que se atienden recomendaciones internacionales para enfrentar los retos que tiene la entidad en esta materia.<\/p>\n<p>Por su parte, el gobernador Eruviel \u00c1vila asegur\u00f3 que este plan tiene como objetivo contar con un modelo de sociedad en donde prevalezca el respeto, la protecci\u00f3n y la promoci\u00f3n de los derechos humanos. As\u00ed que para garantizar su cumplimiento, se present\u00f3 ante la C\u00e1mara de Diputados local una iniciativa para que el programa se convierta en ley.<\/p>\n<p style=\"text-align: center;\"><strong>Aplican vacuna contra el Papiloma Humano a universitarias<\/strong><\/p>\n<p>Por primera vez, el gobierno estatal aplicar\u00e1 de manera gratuita, vacunas contra el Virus del Papiloma Humano (VPH) a mujeres universitarias del Estado de M\u00e9xico, para evitar que desarrollen c\u00e1ncer cervicouterino, que\u00a0 se suman a las m\u00e1s de 180 mil que ya aplicaron a las ni\u00f1as de 11 a\u00f1os de edad. Por ello, C\u00e9sar G\u00f3mez, secretario de Salud estatal, refiri\u00f3 que esta vacuna cuesta alrededor de 3 mil pesos en hospitales privados, as\u00ed que las j\u00f3venes recibir\u00e1n de forma gratuita las tres dosis\u00a0 recomendadas por la Organizaci\u00f3n Mundial de Salud (OMS).<\/p>\n<p>Tambi\u00e9n asegur\u00f3 que existen m\u00e1s de 100 tipos del Virus del Papiloma Humano y alrededor del 70 por ciento de la poblaci\u00f3n porta uno, por lo que la vacuna es importante para no desarrollar c\u00e1ncer. Record\u00f3 que el Instituto de Salud del Estado de M\u00e9xico (ISEM) ha aplicado a ni\u00f1as y adolescentes mexiquenses un mill\u00f3n 116 mil 832 vacunas contra el VPH, en los \u00faltimos cinco a\u00f1os.<\/p>\n<p><em><a href=\"mailto:montanezaguilar@gmail.com\" target=\"_blank\">montanezaguilar@gmail.com<\/a><\/em><\/p>\n","protected":false},"excerpt":{"rendered":"<p><span style=\"color: #005497;\">Jos\u00e9 Luis Monta\u00f1ez Aguilar<\/span><br \/>\n<br \/>\nJes\u00fas Pe\u00f1a, representante adjunto en M\u00e9xico del Alto Comisionado de las Naciones Unidas para los Derechos Humanos, reconoci\u00f3 al gobernador Eruviel \u00c1vila por la creaci\u00f3n del Programa de Derechos Humanos del Estado de M\u00e9xico, que garantizar\u00e1 la protecci\u00f3n y respeto en este tema, y permitir\u00e1 la generaci\u00f3n de pol\u00edticas p\u00fablicas orientadas a los grupos vulnerables.<\/p>\n","protected":false},"author":3,"featured_media":303249,"comment_status":"open","ping_status":"open","sticky":false,"template":"","format":"standard","meta":{"_monsterinsights_skip_tracking":false,"_monsterinsights_sitenote_active":false,"_monsterinsights_sitenote_note":"","_monsterinsights_sitenote_category":0,"footnotes":""},"categories":[5],"tags":[13284,43704,43674],"class_list":["post-303148","post","type-post","status-publish","format-standard","has-post-thumbnail","hentry","category-estado-de-mexico","tag-arco-norte","tag-jose-luis-montanez-aguilar","tag-opinion"],"_links":{"self":[{"href":"https:\/\/www.diarioimagen.net\/index.php?rest_route=\/wp\/v2\/posts\/303148","targetHints":{"allow":["GET"]}}],"collection":[{"href":"https:\/\/www.diarioimagen.net\/index.php?rest_route=\/wp\/v2\/posts"}],"about":[{"href":"https:\/\/www.diarioimagen.net\/index.php?rest_route=\/wp\/v2\/types\/post"}],"author":[{"embeddable":true,"href":"https:\/\/www.diarioimagen.net\/index.php?rest_route=\/wp\/v2\/users\/3"}],"replies":[{"embeddable":true,"href":"https:\/\/www.diarioimagen.net\/index.php?rest_route=%2Fwp%2Fv2%2Fcomments&post=303148"}],"version-history":[{"count":0,"href":"https:\/\/www.diarioimagen.net\/index.php?rest_route=\/wp\/v2\/posts\/303148\/revisions"}],"wp:featuredmedia":[{"embeddable":true,"href":"https:\/\/www.diarioimagen.net\/index.php?rest_route=\/wp\/v2\/media\/303249"}],"wp:attachment":[{"href":"https:\/\/www.diarioimagen.net\/index.php?rest_route=%2Fwp%2Fv2%2Fmedia&parent=303148"}],"wp:term":[{"taxonomy":"category","embeddable":true,"href":"https:\/\/www.diarioimagen.net\/index.php?rest_route=%2Fwp%2Fv2%2Fcategories&post=303148"},{"taxonomy":"post_tag","embeddable":true,"href":"https:\/\/www.diarioimagen.net\/index.php?rest_route=%2Fwp%2Fv2%2Ftags&post=303148"}],"curies":[{"name":"wp","href":"https:\/\/api.w.org\/{rel}","templated":true}]}}