{"id":303152,"date":"2016-12-14T00:09:30","date_gmt":"2016-12-14T06:09:30","guid":{"rendered":"http:\/\/www.diarioimagen.net\/?p=303152"},"modified":"2016-12-14T06:39:32","modified_gmt":"2016-12-14T12:39:32","slug":"mejores-condiciones-de-estudiantes-mexiquenses","status":"publish","type":"post","link":"https:\/\/www.diarioimagen.net\/?p=303152","title":{"rendered":"Mejores condiciones de estudiantes mexiquenses"},"content":{"rendered":"<ul>\n<li><strong><em>Entrega de mobiliario y materiales en Tepotzotl\u00e1n<\/em><\/strong><\/li>\n<\/ul>\n<p>&nbsp;<\/p>\n<div id=\"attachment_303253\" style=\"width: 470px\" class=\"wp-caption aligncenter\"><a href=\"http:\/\/www.diarioimagen.net\/?attachment_id=303253\" rel=\"attachment wp-att-303253\"><img loading=\"lazy\" decoding=\"async\" aria-describedby=\"caption-attachment-303253\" class=\"size-large wp-image-303253\" src=\"http:\/\/www.diarioimagen.net\/wp-content\/uploads\/2016\/12\/ana-lilia-3018-460x259.jpg\" alt=\"\" width=\"460\" height=\"259\" srcset=\"https:\/\/www.diarioimagen.net\/wp-content\/uploads\/2016\/12\/ana-lilia-3018-460x259.jpg 460w, https:\/\/www.diarioimagen.net\/wp-content\/uploads\/2016\/12\/ana-lilia-3018-240x135.jpg 240w, https:\/\/www.diarioimagen.net\/wp-content\/uploads\/2016\/12\/ana-lilia-3018-235x132.jpg 235w, https:\/\/www.diarioimagen.net\/wp-content\/uploads\/2016\/12\/ana-lilia-3018-202x114.jpg 202w, https:\/\/www.diarioimagen.net\/wp-content\/uploads\/2016\/12\/ana-lilia-3018-350x196.jpg 350w, https:\/\/www.diarioimagen.net\/wp-content\/uploads\/2016\/12\/ana-lilia-3018-220x123.jpg 220w, https:\/\/www.diarioimagen.net\/wp-content\/uploads\/2016\/12\/ana-lilia-3018-237x132.jpg 237w, https:\/\/www.diarioimagen.net\/wp-content\/uploads\/2016\/12\/ana-lilia-3018.jpg 480w\" sizes=\"auto, (max-width: 460px) 100vw, 460px\" \/><\/a><p id=\"caption-attachment-303253\" class=\"wp-caption-text\">La secretaria de Educaci\u00f3n, Ana Lilia Herrera, destac\u00f3 que el gobierno de Eruviel \u00c1vila Villegas se consolida como la gesti\u00f3n que m\u00e1s apoyos otorga a sus estudiantes.<\/p><\/div>\n<p>&nbsp;<\/p>\n<p><strong>Tepotzotl\u00e1n, Estado de M\u00e9xico<\/strong>.- \u00a0El trabajo en equipo resuelve problemas conjuntos, y fortalece las condiciones de estudio de las ni\u00f1as y ni\u00f1os mexiquenses, expres\u00f3\u00a0la secretaria de Educaci\u00f3n, Ana Lilia Herrera Anzaldo, al acompa\u00f1ar a docentes, padres de familia y alumnos de la escuela primaria \u201cJusto Sierra\u201d y \u201cRep\u00fablica de El Salvador\u201d, a la ceremonia donde entregaron mobiliario y materiales, para beneficiar a m\u00e1s de 500 alumnos.<\/p>\n<p>La secretaria Ana Lilia Herrera destac\u00f3 que el gobierno de Eruviel \u00c1vila Villegas se consolida como la gesti\u00f3n que m\u00e1s apoyos otorga a sus estudiantes, y agradeci\u00f3 la colaboraci\u00f3n de autoridades, padres de familia y maestros, quienes el fin de semana pasado iniciaron una faena para mejorar -en tres d\u00edas- las condiciones del plantel.<\/p>\n<p>Como parte del programa de mantenimiento y preservaci\u00f3n de instalaciones educativas -con\u00a0inversi\u00f3n federal, estatal y municipal- en este centro escolar se rehabilitaron las rampas de acceso, jardineras, la plaza c\u00edvica, los m\u00f3dulos sanitarios y el sistema hidr\u00e1ulico de la cisterna; se coloc\u00f3 loseta cer\u00e1mica en 8 aulas, malla cicl\u00f3nica, se pint\u00f3 el plantel; y se equip\u00f3 el comedor escolar con refrigerador, batidora y licuadora industrial, as\u00ed como otros enseres de cocina.<\/p>\n<p>Asimismo, se entreg\u00f3 equipamiento para cuatro aulas -mesas trapezoidales, sillas y pintarrones- y 15 computadoras, 15 no break, 15 mesas y una impresora, que fortalecer\u00e1n el proceso de aprendizaje de los alumnos.<\/p>\n<p>M\u00e1s tarde,\u00a0en la Escuela Preparatoria Oficial No. 27, que tiene una matr\u00edcula \u00a0de \u00a0mil 86 alumnos, la\u00a0secretaria de Educaci\u00f3n\u00a0entreg\u00f3 200 sillas, dos pintarrones, as\u00ed como dos sillas y mesas para maestro; y\u00a0felicit\u00f3 a los j\u00f3venes por mantener un esp\u00edritu de responsabilidad y competitividad, apostando por los valores para ser mejores todos los d\u00edas.<\/p>\n<p>&nbsp;<\/p>\n","protected":false},"excerpt":{"rendered":"<p>El trabajo en equipo resuelve problemas conjuntos, y fortalece las condiciones de estudio de las ni\u00f1as y ni\u00f1os mexiquenses, expres\u00f3 la secretaria de Educaci\u00f3n, Ana Lilia Herrera Anzaldo, al acompa\u00f1ar a docentes, padres de familia y alumnos de la escuela primaria \u201cJusto Sierra\u201d y \u201cRep\u00fablica de El Salvador\u201d, a la ceremonia donde entregaron mobiliario y materiales, para beneficiar a m\u00e1s de 500 alumnos.<\/p>\n","protected":false},"author":3,"featured_media":303253,"comment_status":"open","ping_status":"open","sticky":false,"template":"","format":"standard","meta":{"_monsterinsights_skip_tracking":false,"_monsterinsights_sitenote_active":false,"_monsterinsights_sitenote_note":"","_monsterinsights_sitenote_category":0,"footnotes":""},"categories":[5],"tags":[52607,43675,2014,277,1029],"class_list":["post-303152","post","type-post","status-publish","format-standard","has-post-thumbnail","hentry","category-estado-de-mexico","tag-ana-lilia-herrera","tag-estado-de-mexico","tag-estudiantes","tag-mexiquense","tag-tepotzotlan"],"_links":{"self":[{"href":"https:\/\/www.diarioimagen.net\/index.php?rest_route=\/wp\/v2\/posts\/303152","targetHints":{"allow":["GET"]}}],"collection":[{"href":"https:\/\/www.diarioimagen.net\/index.php?rest_route=\/wp\/v2\/posts"}],"about":[{"href":"https:\/\/www.diarioimagen.net\/index.php?rest_route=\/wp\/v2\/types\/post"}],"author":[{"embeddable":true,"href":"https:\/\/www.diarioimagen.net\/index.php?rest_route=\/wp\/v2\/users\/3"}],"replies":[{"embeddable":true,"href":"https:\/\/www.diarioimagen.net\/index.php?rest_route=%2Fwp%2Fv2%2Fcomments&post=303152"}],"version-history":[{"count":0,"href":"https:\/\/www.diarioimagen.net\/index.php?rest_route=\/wp\/v2\/posts\/303152\/revisions"}],"wp:featuredmedia":[{"embeddable":true,"href":"https:\/\/www.diarioimagen.net\/index.php?rest_route=\/wp\/v2\/media\/303253"}],"wp:attachment":[{"href":"https:\/\/www.diarioimagen.net\/index.php?rest_route=%2Fwp%2Fv2%2Fmedia&parent=303152"}],"wp:term":[{"taxonomy":"category","embeddable":true,"href":"https:\/\/www.diarioimagen.net\/index.php?rest_route=%2Fwp%2Fv2%2Fcategories&post=303152"},{"taxonomy":"post_tag","embeddable":true,"href":"https:\/\/www.diarioimagen.net\/index.php?rest_route=%2Fwp%2Fv2%2Ftags&post=303152"}],"curies":[{"name":"wp","href":"https:\/\/api.w.org\/{rel}","templated":true}]}}