{"id":303317,"date":"2016-12-14T18:00:31","date_gmt":"2016-12-15T00:00:31","guid":{"rendered":"http:\/\/www.diarioimagen.net\/?p=303317"},"modified":"2016-12-18T21:45:35","modified_gmt":"2016-12-19T03:45:35","slug":"se-certifican-como-industrias-limpias-636-empresas-en-el-edomex","status":"publish","type":"post","link":"https:\/\/www.diarioimagen.net\/?p=303317","title":{"rendered":"Se certifican como industrias limpias, 636 empresas en el Edomex"},"content":{"rendered":"<ul>\n<li><em><strong>Mejores condiciones ambientales<\/strong><\/em><\/li>\n<\/ul>\n<p>&nbsp;<\/p>\n<div id=\"attachment_303318\" style=\"width: 470px\" class=\"wp-caption aligncenter\"><a href=\"http:\/\/www.diarioimagen.net\/?attachment_id=303318\" rel=\"attachment wp-att-303318\"><img loading=\"lazy\" decoding=\"async\" aria-describedby=\"caption-attachment-303318\" class=\"size-large wp-image-303318\" src=\"http:\/\/www.diarioimagen.net\/wp-content\/uploads\/2016\/12\/LIMPIAS15-PORTAL-460x268.jpg\" alt=\"\" width=\"460\" height=\"268\" srcset=\"https:\/\/www.diarioimagen.net\/wp-content\/uploads\/2016\/12\/LIMPIAS15-PORTAL-460x268.jpg 460w, https:\/\/www.diarioimagen.net\/wp-content\/uploads\/2016\/12\/LIMPIAS15-PORTAL-240x140.jpg 240w, https:\/\/www.diarioimagen.net\/wp-content\/uploads\/2016\/12\/LIMPIAS15-PORTAL.jpg 480w\" sizes=\"auto, (max-width: 460px) 100vw, 460px\" \/><\/a><p id=\"caption-attachment-303318\" class=\"wp-caption-text\">En esta administraci\u00f3n estatal han sido certificadas 636 empresas a trav\u00e9s del programa Industria Limpia.<\/p><\/div>\n<p>&nbsp;<\/p>\n<p><strong>Toluca, Estado de M\u00e9xico<\/strong>.- Durante la actual administraci\u00f3n estatal 636 empresas han sido certificadas a trav\u00e9s del programa Industria Limpia, con lo cual se previene y controla la contaminaci\u00f3n ambiental a trav\u00e9s de la realizaci\u00f3n de auditor\u00edas exhaustivas en los rubros de agua, aire, suelo, subsuelo, residuos no peligrosos y de manejo especial, ruido, riesgo ambiental, atenci\u00f3n a emergencias, as\u00ed como impacto ambiental y protecci\u00f3n civil, para brindar a los mexiquenses mejores condiciones ambientales.<\/p>\n<p>El secretario de Medio Ambiente, Ra\u00fal Vargas Herrera, destac\u00f3 que tan solo este a\u00f1o se acredit\u00f3 a 114 industrias e indic\u00f3 que este proceso permite tambi\u00e9n identificar oportunidades de mejora que tienen las empresas para el cuidado del ambiente, as\u00ed como para incrementar su competitividad de manera responsable a trav\u00e9s de medidas preventivas y, en su caso, correctivas.<\/p>\n<p>Este programa forma parte de las acciones que ha emprendido el Gobierno del Estado de M\u00e9xico con el prop\u00f3sito de mejorar la calidad del aire de los mexiquenses, junto con otras acciones como la reforestaci\u00f3n, inspecci\u00f3n y detecci\u00f3n de veh\u00edculos ostensiblemente contaminantes, que son un referente a nivel nacional y que fueron presentados durante el C40, al que acudieron alcaldes de las principales ciudades del mundo, y la COP 13, celebrada en Canc\u00fan, Quintana Roo.<\/p>\n<p>El procurador de Protecci\u00f3n al Ambiente de la entidad, Alejandro Franco Vera, precis\u00f3 que desde el a\u00f1o 2002 la Propaem implement\u00f3 este programa y hasta el momento han sido emitidos 820 certificados de esta naturaleza, de los cuales el 78 por ciento se han realizado durante la actual administraci\u00f3n estatal.<\/p>\n<p>Es de referir que existe una tendencia del mercado a preferir marcas comprometidas con el medio ambiente, adem\u00e1s de que estas pr\u00e1cticas sustentables representan ahorros significativos al reciclar o reducir la materia prima, asimismo se ha identificado que el crecimiento en la imagen de la empresa como una marca \u00e9tica y ambientalmente consciente conlleva un aumento en las ventas.<\/p>\n","protected":false},"excerpt":{"rendered":"<p>Durante la actual administraci\u00f3n estatal 636 empresas han sido certificadas a trav\u00e9s del programa Industria Limpia, con lo cual se previene y controla la contaminaci\u00f3n ambiental a trav\u00e9s de la realizaci\u00f3n de auditor\u00edas exhaustivas en los rubros de agua, aire, suelo, subsuelo, residuos no peligrosos y de manejo especial, ruido, riesgo ambiental, atenci\u00f3n a emergencias, as\u00ed como impacto ambiental y protecci\u00f3n civil, para brindar a los mexiquenses mejores condiciones ambientales.<\/p>\n","protected":false},"author":5,"featured_media":303318,"comment_status":"open","ping_status":"open","sticky":false,"template":"","format":"standard","meta":{"_monsterinsights_skip_tracking":false,"_monsterinsights_sitenote_active":false,"_monsterinsights_sitenote_note":"","_monsterinsights_sitenote_category":0,"footnotes":""},"categories":[35155],"tags":[43675,1908,52786,452],"class_list":["post-303317","post","type-post","status-publish","format-standard","has-post-thumbnail","hentry","category-estado-de-mexico-estado-de-mexico","tag-estado-de-mexico","tag-medio-ambiente","tag-raul-vargas-herrera","tag-toluca"],"_links":{"self":[{"href":"https:\/\/www.diarioimagen.net\/index.php?rest_route=\/wp\/v2\/posts\/303317","targetHints":{"allow":["GET"]}}],"collection":[{"href":"https:\/\/www.diarioimagen.net\/index.php?rest_route=\/wp\/v2\/posts"}],"about":[{"href":"https:\/\/www.diarioimagen.net\/index.php?rest_route=\/wp\/v2\/types\/post"}],"author":[{"embeddable":true,"href":"https:\/\/www.diarioimagen.net\/index.php?rest_route=\/wp\/v2\/users\/5"}],"replies":[{"embeddable":true,"href":"https:\/\/www.diarioimagen.net\/index.php?rest_route=%2Fwp%2Fv2%2Fcomments&post=303317"}],"version-history":[{"count":0,"href":"https:\/\/www.diarioimagen.net\/index.php?rest_route=\/wp\/v2\/posts\/303317\/revisions"}],"wp:featuredmedia":[{"embeddable":true,"href":"https:\/\/www.diarioimagen.net\/index.php?rest_route=\/wp\/v2\/media\/303318"}],"wp:attachment":[{"href":"https:\/\/www.diarioimagen.net\/index.php?rest_route=%2Fwp%2Fv2%2Fmedia&parent=303317"}],"wp:term":[{"taxonomy":"category","embeddable":true,"href":"https:\/\/www.diarioimagen.net\/index.php?rest_route=%2Fwp%2Fv2%2Fcategories&post=303317"},{"taxonomy":"post_tag","embeddable":true,"href":"https:\/\/www.diarioimagen.net\/index.php?rest_route=%2Fwp%2Fv2%2Ftags&post=303317"}],"curies":[{"name":"wp","href":"https:\/\/api.w.org\/{rel}","templated":true}]}}