{"id":303323,"date":"2016-12-15T00:09:55","date_gmt":"2016-12-15T06:09:55","guid":{"rendered":"http:\/\/www.diarioimagen.net\/?p=303323"},"modified":"2016-12-18T21:46:33","modified_gmt":"2016-12-19T03:46:33","slug":"propone-eruviel-avila-dar-mas-recursos-para-fortalecer-combate-a-la-corrupcion","status":"publish","type":"post","link":"https:\/\/www.diarioimagen.net\/?p=303323","title":{"rendered":"Proponen m\u00e1s recursos al combate a la corrupci\u00f3n"},"content":{"rendered":"<ul>\n<li><strong><em>Gesti\u00f3n a trav\u00e9s de la Conago, anuncia Eruviel \u00c1vila Villegas<\/em><\/strong><\/li>\n<\/ul>\n<h6>Jos\u00e9 Luis Monta\u00f1ez<\/h6>\n<p>&nbsp;<\/p>\n<div id=\"attachment_303324\" style=\"width: 470px\" class=\"wp-caption aligncenter\"><a href=\"http:\/\/www.diarioimagen.net\/?attachment_id=303324\" rel=\"attachment wp-att-303324\"><img loading=\"lazy\" decoding=\"async\" aria-describedby=\"caption-attachment-303324\" class=\"size-large wp-image-303324\" src=\"http:\/\/www.diarioimagen.net\/wp-content\/uploads\/2016\/12\/Eruviel15-PORTAL-460x268.jpg\" alt=\"\" width=\"460\" height=\"268\" srcset=\"https:\/\/www.diarioimagen.net\/wp-content\/uploads\/2016\/12\/Eruviel15-PORTAL-460x268.jpg 460w, https:\/\/www.diarioimagen.net\/wp-content\/uploads\/2016\/12\/Eruviel15-PORTAL-240x140.jpg 240w, https:\/\/www.diarioimagen.net\/wp-content\/uploads\/2016\/12\/Eruviel15-PORTAL.jpg 480w\" sizes=\"auto, (max-width: 460px) 100vw, 460px\" \/><\/a><p id=\"caption-attachment-303324\" class=\"wp-caption-text\">El gobernador Eruviel \u00c1vila asisti\u00f3 al Informe Anual de Actividades del Presidente del Tribunal de lo Contencioso Administrativo del Edomex.<\/p><\/div>\n<p>&nbsp;<\/p>\n<p><strong>Toluca, Estado de M\u00e9xico<\/strong>.- El gobernador Eruviel\u00a0 \u00c1vila Villegas dio a conocer que propondr\u00e1 a trav\u00e9s de la Conferencia Nacional de Gobernadores (Conago), que se dote de m\u00e1s recursos a los tribunales de justicia administrativa en las entidades, para que cuenten con todas las capacidades, as\u00ed como recursos humanos y materiales para realizar sus funciones y combatir la corrupci\u00f3n, y dar un mejor cumplimiento a la reforma que considera la instalaci\u00f3n del Sistema Nacional Anticorrupci\u00f3n.<\/p>\n<p>Adem\u00e1s, adelant\u00f3 que, al margen del resultado de esa gesti\u00f3n, en el Estado de M\u00e9xico se har\u00e1 una corrida financiera para que de manera gradual se puedan homologar los salarios de los magistrados, personal jur\u00eddico y\u00a0 administrativo del Tribunal de lo Contencioso Administrativo con los que se erogan en el Tribunal Superior de Justicia.<\/p>\n<p>\u201cHago un llamado respetuoso y en su momento, a trav\u00e9s de la Conago, estar\u00e9 haciendo la propuesta correspondiente para que este sistema nacional y los sistemas estatales tambi\u00e9n fueran acompa\u00f1ados de recursos, pues para que tengan realmente el \u00e9xito, y como ejemplo pongo esta homologaci\u00f3n. Al margen de la suerte que tenga de poder concretar\u00a0 estos recursos para las entidades, y para el Estado de M\u00e9xico en lo particular, hago el compromiso para que el secretario general de Gobierno, el secretario de Finanzas, el presidente del Tribunal de lo Contencioso y todas las instancias que tengan competencia, hacer una corrida financiera, para que al menos, de manera gradual, se puedan homologar los salarios ya referidos, y demos cumplimiento a este mandato constitucional\u201d, expres\u00f3.<\/p>\n<p>Esto, en Toluca, durante el Informe Anual de Actividades del presidente del Tribunal de lo Contencioso Administrativo (Tricaem), Miguel \u00c1ngel Terr\u00f3n Mendoza, en donde el gobernador Eruviel \u00c1vila dijo que el prop\u00f3sito es llevar a cabo todas las acciones que sean necesarias de reestructuraci\u00f3n administrativa y financiera, para que esta instancia haga vigente y cumpla oportunamente el contenido de los sistemas Nacional, Estatal y Municipal Anticorrupci\u00f3n.<\/p>\n","protected":false},"excerpt":{"rendered":"<p><span style=\"color: #005497;\">Jos\u00e9 Luis Monta\u00f1ez<\/span><br \/>\n<br \/>\n El gobernador Eruviel  \u00c1vila Villegas dio a conocer que propondr\u00e1 a trav\u00e9s de la Conferencia Nacional de Gobernadores (Conago), que se dote de m\u00e1s recursos a los tribunales de justicia administrativa en las entidades, para que cuenten con todas las capacidades, as\u00ed como recursos humanos y materiales para realizar sus funciones y combatir la corrupci\u00f3n, y dar un mejor cumplimiento a la reforma que considera la instalaci\u00f3n del Sistema Nacional Anticorrupci\u00f3n.<\/p>\n","protected":false},"author":5,"featured_media":303324,"comment_status":"open","ping_status":"open","sticky":false,"template":"","format":"standard","meta":{"_monsterinsights_skip_tracking":false,"_monsterinsights_sitenote_active":false,"_monsterinsights_sitenote_note":"","_monsterinsights_sitenote_category":0,"footnotes":""},"categories":[5],"tags":[4277,43675,452,10380],"class_list":["post-303323","post","type-post","status-publish","format-standard","has-post-thumbnail","hentry","category-estado-de-mexico","tag-conago","tag-estado-de-mexico","tag-toluca","tag-tribunal-superior-de-justicia"],"_links":{"self":[{"href":"https:\/\/www.diarioimagen.net\/index.php?rest_route=\/wp\/v2\/posts\/303323","targetHints":{"allow":["GET"]}}],"collection":[{"href":"https:\/\/www.diarioimagen.net\/index.php?rest_route=\/wp\/v2\/posts"}],"about":[{"href":"https:\/\/www.diarioimagen.net\/index.php?rest_route=\/wp\/v2\/types\/post"}],"author":[{"embeddable":true,"href":"https:\/\/www.diarioimagen.net\/index.php?rest_route=\/wp\/v2\/users\/5"}],"replies":[{"embeddable":true,"href":"https:\/\/www.diarioimagen.net\/index.php?rest_route=%2Fwp%2Fv2%2Fcomments&post=303323"}],"version-history":[{"count":0,"href":"https:\/\/www.diarioimagen.net\/index.php?rest_route=\/wp\/v2\/posts\/303323\/revisions"}],"wp:featuredmedia":[{"embeddable":true,"href":"https:\/\/www.diarioimagen.net\/index.php?rest_route=\/wp\/v2\/media\/303324"}],"wp:attachment":[{"href":"https:\/\/www.diarioimagen.net\/index.php?rest_route=%2Fwp%2Fv2%2Fmedia&parent=303323"}],"wp:term":[{"taxonomy":"category","embeddable":true,"href":"https:\/\/www.diarioimagen.net\/index.php?rest_route=%2Fwp%2Fv2%2Fcategories&post=303323"},{"taxonomy":"post_tag","embeddable":true,"href":"https:\/\/www.diarioimagen.net\/index.php?rest_route=%2Fwp%2Fv2%2Ftags&post=303323"}],"curies":[{"name":"wp","href":"https:\/\/api.w.org\/{rel}","templated":true}]}}