{"id":303382,"date":"2016-12-15T00:07:02","date_gmt":"2016-12-15T06:07:02","guid":{"rendered":"http:\/\/www.diarioimagen.net\/?p=303382"},"modified":"2016-12-15T04:46:02","modified_gmt":"2016-12-15T10:46:02","slug":"inauguran-instalaciones-del-dif-huixquilucan-en-el-pedregal","status":"publish","type":"post","link":"https:\/\/www.diarioimagen.net\/?p=303382","title":{"rendered":"Inauguran instalaciones del DIF Huixquilucan en El Pedregal"},"content":{"rendered":"<ul>\n<li><strong><em>Contar\u00e1 con sala de c\u00f3mputo para vecinos<\/em><\/strong><\/li>\n<\/ul>\n<p>&nbsp;<\/p>\n<div id=\"attachment_303456\" style=\"width: 470px\" class=\"wp-caption aligncenter\"><a href=\"http:\/\/www.diarioimagen.net\/?attachment_id=303456\" rel=\"attachment wp-att-303456\"><img loading=\"lazy\" decoding=\"async\" aria-describedby=\"caption-attachment-303456\" class=\"size-large wp-image-303456\" src=\"http:\/\/www.diarioimagen.net\/wp-content\/uploads\/2016\/12\/HUIXQUILUCAN-3019-460x259.jpg\" alt=\"\" width=\"460\" height=\"259\" srcset=\"https:\/\/www.diarioimagen.net\/wp-content\/uploads\/2016\/12\/HUIXQUILUCAN-3019-460x259.jpg 460w, https:\/\/www.diarioimagen.net\/wp-content\/uploads\/2016\/12\/HUIXQUILUCAN-3019-240x135.jpg 240w, https:\/\/www.diarioimagen.net\/wp-content\/uploads\/2016\/12\/HUIXQUILUCAN-3019-235x132.jpg 235w, https:\/\/www.diarioimagen.net\/wp-content\/uploads\/2016\/12\/HUIXQUILUCAN-3019-202x114.jpg 202w, https:\/\/www.diarioimagen.net\/wp-content\/uploads\/2016\/12\/HUIXQUILUCAN-3019-350x196.jpg 350w, https:\/\/www.diarioimagen.net\/wp-content\/uploads\/2016\/12\/HUIXQUILUCAN-3019-220x123.jpg 220w, https:\/\/www.diarioimagen.net\/wp-content\/uploads\/2016\/12\/HUIXQUILUCAN-3019-237x132.jpg 237w, https:\/\/www.diarioimagen.net\/wp-content\/uploads\/2016\/12\/HUIXQUILUCAN-3019.jpg 480w\" sizes=\"auto, (max-width: 460px) 100vw, 460px\" \/><\/a><p id=\"caption-attachment-303456\" class=\"wp-caption-text\">La presidenta del DIF, Romina Contreras Carrasco, destac\u00f3 que este centro contar\u00e1 con aula de c\u00f3mputo para los vecinos de la zona.<\/p><\/div>\n<p>&nbsp;<\/p>\n<p><strong>Huixquilucan, Estado de M\u00e9xico<\/strong>.- Al inaugurar las instalaciones del sistema municipal para el Desarrollo Integral de la Familia de Huixquilucan en la comunidad de El Pedregal, la presidenta del DIF, Romina Contreras Carrasco, destac\u00f3 que este centro ser\u00e1 el primero que contar\u00e1 con aula de c\u00f3mputo para que los vecinos de la zona puedan aprenden de las nuevas tecnolog\u00edas.<\/p>\n<p>\u00abEste nuevo DIF ser\u00e1 de gran ayuda para los vecinos de las comunidades de El Pedregal y Canteras, ya que ahora tendr\u00e1n cerca de sus domicilios ayuda m\u00e9dica y todo el apoyo que el gobierno municipal les pueda ofrecer\u00bb, resalt\u00f3.<\/p>\n<p>Acompa\u00f1ada por integrantes del Cabildo, as\u00ed como directores de la administraci\u00f3n 2016-2018, Contreras Carrasco, destac\u00f3 que el alcalde de Huixquilucan, Enrique Vargas del Villar, trabaja fuertemente para elevar la calidad de vida de los habitantes y muestra de ello son las m\u00e1s de 25 mil familias beneficiadas con programas sociales del gobierno local.<\/p>\n<p>La titular del DIF coment\u00f3 que en este nuevo espacio de beneficio para la poblaci\u00f3n se ofrece servicio m\u00e9dico, atenci\u00f3n odontol\u00f3gica, psicol\u00f3gica, adem\u00e1s de capacitaci\u00f3n a la mujer.<\/p>\n<p>Romina Contreras reiter\u00f3 que este DIF ser\u00e1 el primero en tener sal\u00f3n de computaci\u00f3n para que los asistentes aprendan de las nuevas tecnolog\u00edas, que en esta \u00e9poca es fundamental; adem\u00e1s se ofrecer\u00e1n clases de primaria, secundaria y preparatoria y de esta forma los adultos puedan continuar o concluir sus estudios.<\/p>\n<p>Con motivo de las fiestas decembrinas, los funcionarios del DIF, regidores e integrantes del gabinete, entregaron dulces y galletas a los peque\u00f1os que se dieron cita en la inauguraci\u00f3n.<\/p>\n<p>&nbsp;<\/p>\n","protected":false},"excerpt":{"rendered":"<p>Al inaugurar las instalaciones del sistema municipal para el Desarrollo Integral de la Familia de Huixquilucan en la comunidad de El Pedregal, la presidenta del DIF, Romina Contreras Carrasco, destac\u00f3 que este centro ser\u00e1 el primero que contar\u00e1 con aula de c\u00f3mputo para que los vecinos de la zona puedan aprenden de las nuevas tecnolog\u00edas.<\/p>\n","protected":false},"author":3,"featured_media":303456,"comment_status":"open","ping_status":"open","sticky":false,"template":"","format":"standard","meta":{"_monsterinsights_skip_tracking":false,"_monsterinsights_sitenote_active":false,"_monsterinsights_sitenote_note":"","_monsterinsights_sitenote_category":0,"footnotes":""},"categories":[35155],"tags":[43675,1097],"class_list":["post-303382","post","type-post","status-publish","format-standard","has-post-thumbnail","hentry","category-estado-de-mexico-estado-de-mexico","tag-estado-de-mexico","tag-huixquilucan"],"_links":{"self":[{"href":"https:\/\/www.diarioimagen.net\/index.php?rest_route=\/wp\/v2\/posts\/303382","targetHints":{"allow":["GET"]}}],"collection":[{"href":"https:\/\/www.diarioimagen.net\/index.php?rest_route=\/wp\/v2\/posts"}],"about":[{"href":"https:\/\/www.diarioimagen.net\/index.php?rest_route=\/wp\/v2\/types\/post"}],"author":[{"embeddable":true,"href":"https:\/\/www.diarioimagen.net\/index.php?rest_route=\/wp\/v2\/users\/3"}],"replies":[{"embeddable":true,"href":"https:\/\/www.diarioimagen.net\/index.php?rest_route=%2Fwp%2Fv2%2Fcomments&post=303382"}],"version-history":[{"count":0,"href":"https:\/\/www.diarioimagen.net\/index.php?rest_route=\/wp\/v2\/posts\/303382\/revisions"}],"wp:featuredmedia":[{"embeddable":true,"href":"https:\/\/www.diarioimagen.net\/index.php?rest_route=\/wp\/v2\/media\/303456"}],"wp:attachment":[{"href":"https:\/\/www.diarioimagen.net\/index.php?rest_route=%2Fwp%2Fv2%2Fmedia&parent=303382"}],"wp:term":[{"taxonomy":"category","embeddable":true,"href":"https:\/\/www.diarioimagen.net\/index.php?rest_route=%2Fwp%2Fv2%2Fcategories&post=303382"},{"taxonomy":"post_tag","embeddable":true,"href":"https:\/\/www.diarioimagen.net\/index.php?rest_route=%2Fwp%2Fv2%2Ftags&post=303382"}],"curies":[{"name":"wp","href":"https:\/\/api.w.org\/{rel}","templated":true}]}}