{"id":303385,"date":"2016-12-15T00:06:34","date_gmt":"2016-12-15T06:06:34","guid":{"rendered":"http:\/\/www.diarioimagen.net\/?p=303385"},"modified":"2016-12-15T04:34:12","modified_gmt":"2016-12-15T10:34:12","slug":"reconocimiento-fitch-ratings-a-las-autoridades-de-tultepec","status":"publish","type":"post","link":"https:\/\/www.diarioimagen.net\/?p=303385","title":{"rendered":"Reconocimiento Fitch Ratings a las autoridades de Tultepec"},"content":{"rendered":"<ul>\n<li><strong><em>Por manejo de recursos<\/em><\/strong><\/li>\n<\/ul>\n<p>&nbsp;<\/p>\n<p><a href=\"http:\/\/www.diarioimagen.net\/?attachment_id=303452\" rel=\"attachment wp-att-303452\"><img loading=\"lazy\" decoding=\"async\" class=\"aligncenter size-large wp-image-303452\" src=\"http:\/\/www.diarioimagen.net\/wp-content\/uploads\/2016\/12\/TULTEPEC-3019-460x259.jpg\" alt=\"\" width=\"460\" height=\"259\" srcset=\"https:\/\/www.diarioimagen.net\/wp-content\/uploads\/2016\/12\/TULTEPEC-3019-460x259.jpg 460w, https:\/\/www.diarioimagen.net\/wp-content\/uploads\/2016\/12\/TULTEPEC-3019-240x135.jpg 240w, https:\/\/www.diarioimagen.net\/wp-content\/uploads\/2016\/12\/TULTEPEC-3019-235x132.jpg 235w, https:\/\/www.diarioimagen.net\/wp-content\/uploads\/2016\/12\/TULTEPEC-3019-202x114.jpg 202w, https:\/\/www.diarioimagen.net\/wp-content\/uploads\/2016\/12\/TULTEPEC-3019-350x196.jpg 350w, https:\/\/www.diarioimagen.net\/wp-content\/uploads\/2016\/12\/TULTEPEC-3019-220x123.jpg 220w, https:\/\/www.diarioimagen.net\/wp-content\/uploads\/2016\/12\/TULTEPEC-3019-237x132.jpg 237w, https:\/\/www.diarioimagen.net\/wp-content\/uploads\/2016\/12\/TULTEPEC-3019.jpg 480w\" sizes=\"auto, (max-width: 460px) 100vw, 460px\" \/><\/a><\/p>\n<p>&nbsp;<\/p>\n<p><strong>Tultepec, Estado de M\u00e9xico<\/strong>.-En esta ciudad se ejerce un gobierno con responsabilidad en el manejo de los recursos p\u00fablicos, afirm\u00f3 Juan Carlos Ch\u00e1vez Tapia, tesorero municipal, quien explic\u00f3 que para incentivar el pago de contribuciones se adquiri\u00f3 un nuevo sistema de gesti\u00f3n que permite realizar las actividades de cobranza de manera m\u00e1s r\u00e1pida y segura.<\/p>\n<p>Esto adem\u00e1s brinda al contribuyente la posibilidad de generar su estado de cuenta y realizar el pago de sus impuestos y derechos a trav\u00e9s de ventanillas bancarias y\/o por internet, utilizando incluso su tel\u00e9fono m\u00f3vil, lo que significa un ahorro de tiempo al evitar filas en las cajas recaudadoras.<\/p>\n<p>Precis\u00f3 que para brindar m\u00e1s opciones de recaudaci\u00f3n, a partir de enero de 2017, las contribuciones tambi\u00e9n pueden realizarse en las cajas ubicadas en las cinco unidades deportivas municipales, \u201cacciones con las que se busca mejorar los est\u00e1ndares de eficiencia recaudatoria\u201d.<\/p>\n<p>Juan Carlos Ch\u00e1vez Tapia inform\u00f3 adem\u00e1s, que se firm\u00f3 un convenio de colaboraci\u00f3n con el gobierno del Estado de M\u00e9xico para la recaudaci\u00f3n del impuesto predial, posibilitando al contribuyente generar su l\u00ednea de captura a trav\u00e9s del portal del gobierno estatal y realizar su pago en ventanilla bancaria.<\/p>\n<p>Estas pol\u00edticas permiten ofrecer una novedosa y \u00e1gil forma de pagos; que otorgan tambi\u00e9n la opci\u00f3n de realizar consultas de adeudos y\/o pagos v\u00eda internet, desde cualquier lugar del municipio, el estado o inclusive del pa\u00eds. \u201cCon estas acciones durante 2016 se obtuvo una considerable disminuci\u00f3n en el rezago del impuesto predial y en los derechos por el consumo de agua potable\u201d.<\/p>\n<p>Finalmente, el Tesorero Municipal asegur\u00f3 que con estas y otras acciones le valieron a Tultepec que la calificadora internacional Fitch Ratings, le otorgara la calificaci\u00f3n \u201cA-Mex\u201d con una perspectiva crediticia estable, \u201clo que significa que las finanzas municipales son positivas, lo que hace de Tultepec, un municipio elegible para obtener en el futuro nuevos financiamientos\u201d, afirm\u00f3.<\/p>\n<p>&nbsp;<\/p>\n","protected":false},"excerpt":{"rendered":"<p>En esta ciudad se ejerce un gobierno con responsabilidad en el manejo de los recursos p\u00fablicos, afirm\u00f3 Juan Carlos Ch\u00e1vez Tapia, tesorero municipal, quien explic\u00f3 que para incentivar el pago de contribuciones se adquiri\u00f3 un nuevo sistema de gesti\u00f3n que permite realizar las actividades de cobranza de manera m\u00e1s r\u00e1pida y segura.<\/p>\n","protected":false},"author":3,"featured_media":303452,"comment_status":"open","ping_status":"open","sticky":false,"template":"","format":"standard","meta":{"_monsterinsights_skip_tracking":false,"_monsterinsights_sitenote_active":false,"_monsterinsights_sitenote_note":"","_monsterinsights_sitenote_category":0,"footnotes":""},"categories":[35155],"tags":[43675,50462,3802],"class_list":["post-303385","post","type-post","status-publish","format-standard","has-post-thumbnail","hentry","category-estado-de-mexico-estado-de-mexico","tag-estado-de-mexico","tag-fitch-ratings","tag-tultepec"],"_links":{"self":[{"href":"https:\/\/www.diarioimagen.net\/index.php?rest_route=\/wp\/v2\/posts\/303385","targetHints":{"allow":["GET"]}}],"collection":[{"href":"https:\/\/www.diarioimagen.net\/index.php?rest_route=\/wp\/v2\/posts"}],"about":[{"href":"https:\/\/www.diarioimagen.net\/index.php?rest_route=\/wp\/v2\/types\/post"}],"author":[{"embeddable":true,"href":"https:\/\/www.diarioimagen.net\/index.php?rest_route=\/wp\/v2\/users\/3"}],"replies":[{"embeddable":true,"href":"https:\/\/www.diarioimagen.net\/index.php?rest_route=%2Fwp%2Fv2%2Fcomments&post=303385"}],"version-history":[{"count":0,"href":"https:\/\/www.diarioimagen.net\/index.php?rest_route=\/wp\/v2\/posts\/303385\/revisions"}],"wp:featuredmedia":[{"embeddable":true,"href":"https:\/\/www.diarioimagen.net\/index.php?rest_route=\/wp\/v2\/media\/303452"}],"wp:attachment":[{"href":"https:\/\/www.diarioimagen.net\/index.php?rest_route=%2Fwp%2Fv2%2Fmedia&parent=303385"}],"wp:term":[{"taxonomy":"category","embeddable":true,"href":"https:\/\/www.diarioimagen.net\/index.php?rest_route=%2Fwp%2Fv2%2Fcategories&post=303385"},{"taxonomy":"post_tag","embeddable":true,"href":"https:\/\/www.diarioimagen.net\/index.php?rest_route=%2Fwp%2Fv2%2Ftags&post=303385"}],"curies":[{"name":"wp","href":"https:\/\/api.w.org\/{rel}","templated":true}]}}