{"id":303389,"date":"2016-12-15T00:05:56","date_gmt":"2016-12-15T06:05:56","guid":{"rendered":"http:\/\/www.diarioimagen.net\/?p=303389"},"modified":"2016-12-15T04:36:09","modified_gmt":"2016-12-15T10:36:09","slug":"homenajea-el-pri-naucalpan-a-sarita-sanchez-por-sus-60-anos-de-militante","status":"publish","type":"post","link":"https:\/\/www.diarioimagen.net\/?p=303389","title":{"rendered":"Homenajea el PRI Naucalpan a Sarita S\u00e1nchez por sus 60 a\u00f1os de militante"},"content":{"rendered":"<p><a href=\"http:\/\/www.diarioimagen.net\/?attachment_id=303461\" rel=\"attachment wp-att-303461\"><img loading=\"lazy\" decoding=\"async\" class=\"aligncenter size-large wp-image-303461\" src=\"http:\/\/www.diarioimagen.net\/wp-content\/uploads\/2016\/12\/NAUCALPAN-3019-460x259.jpg\" alt=\"\" width=\"460\" height=\"259\" srcset=\"https:\/\/www.diarioimagen.net\/wp-content\/uploads\/2016\/12\/NAUCALPAN-3019-460x259.jpg 460w, https:\/\/www.diarioimagen.net\/wp-content\/uploads\/2016\/12\/NAUCALPAN-3019-240x135.jpg 240w, https:\/\/www.diarioimagen.net\/wp-content\/uploads\/2016\/12\/NAUCALPAN-3019-235x132.jpg 235w, https:\/\/www.diarioimagen.net\/wp-content\/uploads\/2016\/12\/NAUCALPAN-3019-202x114.jpg 202w, https:\/\/www.diarioimagen.net\/wp-content\/uploads\/2016\/12\/NAUCALPAN-3019-350x196.jpg 350w, https:\/\/www.diarioimagen.net\/wp-content\/uploads\/2016\/12\/NAUCALPAN-3019-220x123.jpg 220w, https:\/\/www.diarioimagen.net\/wp-content\/uploads\/2016\/12\/NAUCALPAN-3019-237x132.jpg 237w, https:\/\/www.diarioimagen.net\/wp-content\/uploads\/2016\/12\/NAUCALPAN-3019.jpg 480w\" sizes=\"auto, (max-width: 460px) 100vw, 460px\" \/><\/a><\/p>\n<p>&nbsp;<\/p>\n<p><strong>Naucalpan, Estado de M\u00e9xico<\/strong>.<strong>&#8211;<\/strong> \u201cToda una vida de esfuerzo, lealtad y trabajo, en su actividad social y pol\u00edtica ha demostrado que Sarita S\u00e1nchez de Parra, es una mujer en toda la extensi\u00f3n de la palabra. Sarita es el vivo ejemplo \u00a0de su compromiso y lealtad hacia el Revolucionario Institucional\u201d.<\/p>\n<p>As\u00ed, de esta manera coincidieron en referirse a tan distinguida pri\u00edsta a quien \u00a0sus compa\u00f1eros de Naucalpan le rinden un merecido homenaje a su larga trayectoria de m\u00e1s de 60 a\u00f1os de actividad partidaria en la que deja un extraordinario legado y claro ejemplo de un verdadero compromiso partidista al servicio de las causas ciudadanas.<\/p>\n<p>&nbsp;<\/p>\n<p>&nbsp;<\/p>\n","protected":false},"excerpt":{"rendered":"<p> \u201cToda una vida de esfuerzo, lealtad y trabajo, en su actividad social y pol\u00edtica ha demostrado que Sarita S\u00e1nchez de Parra, es una mujer en toda la extensi\u00f3n de la palabra. Sarita es el vivo ejemplo  de su compromiso y lealtad hacia el Revolucionario Institucional\u201d.<\/p>\n","protected":false},"author":3,"featured_media":303461,"comment_status":"open","ping_status":"open","sticky":false,"template":"","format":"standard","meta":{"_monsterinsights_skip_tracking":false,"_monsterinsights_sitenote_active":false,"_monsterinsights_sitenote_note":"","_monsterinsights_sitenote_category":0,"footnotes":""},"categories":[35155],"tags":[43675,970,362],"class_list":["post-303389","post","type-post","status-publish","format-standard","has-post-thumbnail","hentry","category-estado-de-mexico-estado-de-mexico","tag-estado-de-mexico","tag-naucalpan","tag-pri"],"_links":{"self":[{"href":"https:\/\/www.diarioimagen.net\/index.php?rest_route=\/wp\/v2\/posts\/303389","targetHints":{"allow":["GET"]}}],"collection":[{"href":"https:\/\/www.diarioimagen.net\/index.php?rest_route=\/wp\/v2\/posts"}],"about":[{"href":"https:\/\/www.diarioimagen.net\/index.php?rest_route=\/wp\/v2\/types\/post"}],"author":[{"embeddable":true,"href":"https:\/\/www.diarioimagen.net\/index.php?rest_route=\/wp\/v2\/users\/3"}],"replies":[{"embeddable":true,"href":"https:\/\/www.diarioimagen.net\/index.php?rest_route=%2Fwp%2Fv2%2Fcomments&post=303389"}],"version-history":[{"count":0,"href":"https:\/\/www.diarioimagen.net\/index.php?rest_route=\/wp\/v2\/posts\/303389\/revisions"}],"wp:featuredmedia":[{"embeddable":true,"href":"https:\/\/www.diarioimagen.net\/index.php?rest_route=\/wp\/v2\/media\/303461"}],"wp:attachment":[{"href":"https:\/\/www.diarioimagen.net\/index.php?rest_route=%2Fwp%2Fv2%2Fmedia&parent=303389"}],"wp:term":[{"taxonomy":"category","embeddable":true,"href":"https:\/\/www.diarioimagen.net\/index.php?rest_route=%2Fwp%2Fv2%2Fcategories&post=303389"},{"taxonomy":"post_tag","embeddable":true,"href":"https:\/\/www.diarioimagen.net\/index.php?rest_route=%2Fwp%2Fv2%2Ftags&post=303389"}],"curies":[{"name":"wp","href":"https:\/\/api.w.org\/{rel}","templated":true}]}}