{"id":303394,"date":"2016-12-15T00:04:37","date_gmt":"2016-12-15T06:04:37","guid":{"rendered":"http:\/\/www.diarioimagen.net\/?p=303394"},"modified":"2016-12-15T04:37:11","modified_gmt":"2016-12-15T10:37:11","slug":"inicia-campana-de-vacunacion-en-nicolas-romero","status":"publish","type":"post","link":"https:\/\/www.diarioimagen.net\/?p=303394","title":{"rendered":"Inicia campa\u00f1a de vacunaci\u00f3n en Nicol\u00e1s Romero"},"content":{"rendered":"<p><a href=\"http:\/\/www.diarioimagen.net\/?attachment_id=303464\" rel=\"attachment wp-att-303464\"><img loading=\"lazy\" decoding=\"async\" class=\"aligncenter size-large wp-image-303464\" src=\"http:\/\/www.diarioimagen.net\/wp-content\/uploads\/2016\/12\/NICOLAS-3019-460x259.jpg\" alt=\"\" width=\"460\" height=\"259\" srcset=\"https:\/\/www.diarioimagen.net\/wp-content\/uploads\/2016\/12\/NICOLAS-3019-460x259.jpg 460w, https:\/\/www.diarioimagen.net\/wp-content\/uploads\/2016\/12\/NICOLAS-3019-240x135.jpg 240w, https:\/\/www.diarioimagen.net\/wp-content\/uploads\/2016\/12\/NICOLAS-3019-235x132.jpg 235w, https:\/\/www.diarioimagen.net\/wp-content\/uploads\/2016\/12\/NICOLAS-3019-202x114.jpg 202w, https:\/\/www.diarioimagen.net\/wp-content\/uploads\/2016\/12\/NICOLAS-3019-350x196.jpg 350w, https:\/\/www.diarioimagen.net\/wp-content\/uploads\/2016\/12\/NICOLAS-3019-220x123.jpg 220w, https:\/\/www.diarioimagen.net\/wp-content\/uploads\/2016\/12\/NICOLAS-3019-237x132.jpg 237w, https:\/\/www.diarioimagen.net\/wp-content\/uploads\/2016\/12\/NICOLAS-3019.jpg 480w\" sizes=\"auto, (max-width: 460px) 100vw, 460px\" \/><\/a><\/p>\n<p>&nbsp;<\/p>\n<p><strong>Nicol\u00e1s Romero, Estado de M\u00e9xico.- <\/strong>La presidenta municipal, Angelina Carre\u00f1o Mijares, acompa\u00f1ada del secretario de Salud en el Estado de M\u00e9xico, C\u00e9sar G\u00f3mez Monge, as\u00ed como de la titular de Educaci\u00f3n mexiquense, Ana Lilia Herrera Anzaldo, dio el banderazo a la campa\u00f1a de vacunaci\u00f3n contra el virus del Papiloma Humano, en la Universidad Tecnol\u00f3gica Fidel Vel\u00e1zquez.<\/p>\n<p>Ah\u00ed tambi\u00e9n se hizo entrega de becas y otros apoyos a los estudiantes, se\u00f1alando la alcaldesa, que cuidar la salud de las mujeres mexiquenses es una prioridad para el gobierno que encabeza Eruviel \u00c1vila Villegas.<\/p>\n","protected":false},"excerpt":{"rendered":"<p>La presidenta municipal, Angelina Carre\u00f1o Mijares, acompa\u00f1ada del secretario de Salud en el Estado de M\u00e9xico, C\u00e9sar G\u00f3mez Monge, as\u00ed como de la titular de Educaci\u00f3n mexiquense, Ana Lilia Herrera Anzaldo, dio el banderazo a la campa\u00f1a de vacunaci\u00f3n contra el virus del Papiloma Humano, en la Universidad Tecnol\u00f3gica Fidel Vel\u00e1zquez.<\/p>\n","protected":false},"author":3,"featured_media":303464,"comment_status":"open","ping_status":"open","sticky":false,"template":"","format":"standard","meta":{"_monsterinsights_skip_tracking":false,"_monsterinsights_sitenote_active":false,"_monsterinsights_sitenote_note":"","_monsterinsights_sitenote_category":0,"footnotes":""},"categories":[35155],"tags":[6185,43675,752,2643],"class_list":["post-303394","post","type-post","status-publish","format-standard","has-post-thumbnail","hentry","category-estado-de-mexico-estado-de-mexico","tag-campana","tag-estado-de-mexico","tag-nicolas-romero","tag-vacunacion"],"_links":{"self":[{"href":"https:\/\/www.diarioimagen.net\/index.php?rest_route=\/wp\/v2\/posts\/303394","targetHints":{"allow":["GET"]}}],"collection":[{"href":"https:\/\/www.diarioimagen.net\/index.php?rest_route=\/wp\/v2\/posts"}],"about":[{"href":"https:\/\/www.diarioimagen.net\/index.php?rest_route=\/wp\/v2\/types\/post"}],"author":[{"embeddable":true,"href":"https:\/\/www.diarioimagen.net\/index.php?rest_route=\/wp\/v2\/users\/3"}],"replies":[{"embeddable":true,"href":"https:\/\/www.diarioimagen.net\/index.php?rest_route=%2Fwp%2Fv2%2Fcomments&post=303394"}],"version-history":[{"count":0,"href":"https:\/\/www.diarioimagen.net\/index.php?rest_route=\/wp\/v2\/posts\/303394\/revisions"}],"wp:featuredmedia":[{"embeddable":true,"href":"https:\/\/www.diarioimagen.net\/index.php?rest_route=\/wp\/v2\/media\/303464"}],"wp:attachment":[{"href":"https:\/\/www.diarioimagen.net\/index.php?rest_route=%2Fwp%2Fv2%2Fmedia&parent=303394"}],"wp:term":[{"taxonomy":"category","embeddable":true,"href":"https:\/\/www.diarioimagen.net\/index.php?rest_route=%2Fwp%2Fv2%2Fcategories&post=303394"},{"taxonomy":"post_tag","embeddable":true,"href":"https:\/\/www.diarioimagen.net\/index.php?rest_route=%2Fwp%2Fv2%2Ftags&post=303394"}],"curies":[{"name":"wp","href":"https:\/\/api.w.org\/{rel}","templated":true}]}}