{"id":303407,"date":"2016-12-15T00:02:53","date_gmt":"2016-12-15T06:02:53","guid":{"rendered":"http:\/\/www.diarioimagen.net\/?p=303407"},"modified":"2016-12-15T04:47:32","modified_gmt":"2016-12-15T10:47:32","slug":"ratifica-gobierno-de-tlalnepantla-compromiso-en-materia-educativa","status":"publish","type":"post","link":"https:\/\/www.diarioimagen.net\/?p=303407","title":{"rendered":"Ratifica gobierno de Tlalnepantla compromiso en materia educativa"},"content":{"rendered":"<ul>\n<li><strong><em>Programas para potenciar las capacidades de las personas<\/em><\/strong><\/li>\n<\/ul>\n<p>&nbsp;<\/p>\n<div id=\"attachment_303472\" style=\"width: 470px\" class=\"wp-caption aligncenter\"><a href=\"http:\/\/www.diarioimagen.net\/?attachment_id=303472\" rel=\"attachment wp-att-303472\"><img loading=\"lazy\" decoding=\"async\" aria-describedby=\"caption-attachment-303472\" class=\"size-large wp-image-303472\" src=\"http:\/\/www.diarioimagen.net\/wp-content\/uploads\/2016\/12\/TLALNEPANTLA-3019-460x259.jpg\" alt=\"\" width=\"460\" height=\"259\" srcset=\"https:\/\/www.diarioimagen.net\/wp-content\/uploads\/2016\/12\/TLALNEPANTLA-3019-460x259.jpg 460w, https:\/\/www.diarioimagen.net\/wp-content\/uploads\/2016\/12\/TLALNEPANTLA-3019-240x135.jpg 240w, https:\/\/www.diarioimagen.net\/wp-content\/uploads\/2016\/12\/TLALNEPANTLA-3019-235x132.jpg 235w, https:\/\/www.diarioimagen.net\/wp-content\/uploads\/2016\/12\/TLALNEPANTLA-3019-202x114.jpg 202w, https:\/\/www.diarioimagen.net\/wp-content\/uploads\/2016\/12\/TLALNEPANTLA-3019-350x196.jpg 350w, https:\/\/www.diarioimagen.net\/wp-content\/uploads\/2016\/12\/TLALNEPANTLA-3019-220x123.jpg 220w, https:\/\/www.diarioimagen.net\/wp-content\/uploads\/2016\/12\/TLALNEPANTLA-3019-237x132.jpg 237w, https:\/\/www.diarioimagen.net\/wp-content\/uploads\/2016\/12\/TLALNEPANTLA-3019.jpg 480w\" sizes=\"auto, (max-width: 460px) 100vw, 460px\" \/><\/a><p id=\"caption-attachment-303472\" class=\"wp-caption-text\">Arturo Montero Alvarado, primer regidor del ayuntamiento de Tlalnepantla, afirma que se tiene un serio compromiso en materia educativa.<\/p><\/div>\n<p>&nbsp;<\/p>\n<p><strong>Tlalnepantla, Estado de M\u00e9xico<\/strong>.- En este municipio se tiene un serio compromiso en materia educativa, muestra de ello es la serie de acciones y programas implementados aqu\u00ed \u201cpara potenciar las capacidades de las personas\u201d.<\/p>\n<p>El Instituto de Educaci\u00f3n Avanzada (IDEA) y por medio del Movimiento Territorial del Comit\u00e9 municipal se ha implementado un programa especial de certificaci\u00f3n para el nivel medio superior, estim\u00f3 Arturo Montero Alvarado, primer regidor del ayuntamiento.<\/p>\n<p>Este innovador programa est\u00e1 dirigido a la ciudadan\u00eda en general y tiene por objeto acercar y facilitar la certificaci\u00f3n\u00a0 a todas las personas que por alg\u00fan motivo no haya concluido la educaci\u00f3n media superior, y donde solo es necesario aprobar un examen \u00fanico.<\/p>\n<p>En una primera fase se gradu\u00f3 la primera generaci\u00f3n beneficiada por este proyecto y que, en ceremonia llevada a cabo en instalaciones del comit\u00e9 municipal de PRI recibieron de manos de la alcaldesa Denisse Ugalde Alegr\u00eda su certificado de preparatoria.<br \/>\n\u201dFelicito a cada uno de ustedes que tomaron esa iniciativa y se atrevieron a decir nunca es tarde\u201d, se\u00f1al\u00f3 la edil.<\/p>\n<p>Y destac\u00f3: \u201cHoy, con esta generaci\u00f3n de estudiantes que reciben el certificado de educaci\u00f3n media superior, El Movimiento Territorial se convierte en un facilitador para hacer realidad el derecho humano a la educaci\u00f3n en el Municipio de Tlalnepantla\u201d.<\/p>\n<p>Por su parte, Montero Alvarado comparti\u00f3 el compromiso social que existe\u00a0 por la educaci\u00f3n y que implica siempre un deber que alcanza a todas las instancias.<\/p>\n<p>&nbsp;<\/p>\n","protected":false},"excerpt":{"rendered":"<p>En este municipio se tiene un serio compromiso en materia educativa, muestra de ello es la serie de acciones y programas implementados aqu\u00ed \u201cpara potenciar las capacidades de las personas\u201d.<\/p>\n","protected":false},"author":3,"featured_media":303472,"comment_status":"open","ping_status":"open","sticky":false,"template":"","format":"standard","meta":{"_monsterinsights_skip_tracking":false,"_monsterinsights_sitenote_active":false,"_monsterinsights_sitenote_note":"","_monsterinsights_sitenote_category":0,"footnotes":""},"categories":[35155],"tags":[43675,50377,169],"class_list":["post-303407","post","type-post","status-publish","format-standard","has-post-thumbnail","hentry","category-estado-de-mexico-estado-de-mexico","tag-estado-de-mexico","tag-materia-educativa","tag-tlalnepantla"],"_links":{"self":[{"href":"https:\/\/www.diarioimagen.net\/index.php?rest_route=\/wp\/v2\/posts\/303407","targetHints":{"allow":["GET"]}}],"collection":[{"href":"https:\/\/www.diarioimagen.net\/index.php?rest_route=\/wp\/v2\/posts"}],"about":[{"href":"https:\/\/www.diarioimagen.net\/index.php?rest_route=\/wp\/v2\/types\/post"}],"author":[{"embeddable":true,"href":"https:\/\/www.diarioimagen.net\/index.php?rest_route=\/wp\/v2\/users\/3"}],"replies":[{"embeddable":true,"href":"https:\/\/www.diarioimagen.net\/index.php?rest_route=%2Fwp%2Fv2%2Fcomments&post=303407"}],"version-history":[{"count":0,"href":"https:\/\/www.diarioimagen.net\/index.php?rest_route=\/wp\/v2\/posts\/303407\/revisions"}],"wp:featuredmedia":[{"embeddable":true,"href":"https:\/\/www.diarioimagen.net\/index.php?rest_route=\/wp\/v2\/media\/303472"}],"wp:attachment":[{"href":"https:\/\/www.diarioimagen.net\/index.php?rest_route=%2Fwp%2Fv2%2Fmedia&parent=303407"}],"wp:term":[{"taxonomy":"category","embeddable":true,"href":"https:\/\/www.diarioimagen.net\/index.php?rest_route=%2Fwp%2Fv2%2Fcategories&post=303407"},{"taxonomy":"post_tag","embeddable":true,"href":"https:\/\/www.diarioimagen.net\/index.php?rest_route=%2Fwp%2Fv2%2Ftags&post=303407"}],"curies":[{"name":"wp","href":"https:\/\/api.w.org\/{rel}","templated":true}]}}