{"id":303508,"date":"2016-12-15T00:03:02","date_gmt":"2016-12-15T06:03:02","guid":{"rendered":"http:\/\/www.diarioimagen.net\/?p=303508"},"modified":"2016-12-15T05:21:08","modified_gmt":"2016-12-15T11:21:08","slug":"bestialidad-sobre-ruedas","status":"publish","type":"post","link":"https:\/\/www.diarioimagen.net\/?p=303508","title":{"rendered":"Bestialidad sobre ruedas"},"content":{"rendered":"<h2>Poder y dinero<\/h2>\n<h5>V\u00edctor S\u00e1nchez Ba\u00f1os<em><br \/>\n<\/em><\/h5>\n<p><em>\u00a0<\/em><\/p>\n<p style=\"text-align: right;\"><em><strong>Los medios violentos nos dar\u00e1n una libertad violenta.<\/strong><br \/>\nMahatma Gandhi (1869-1948) Pol\u00edtico y pensador indio.<\/em><\/p>\n<p>&nbsp;<\/p>\n<p>Ana Gabriela Guevara fue brutalmente golpeada por un incidente vial en una zona que se distingue por los asaltos en autobuses y la presencia de \u201cjusticieros\u201d que defienden a la sociedad de criminales sobre ruedas.<\/p>\n<p>Ayer se difundi\u00f3 una supuesta versi\u00f3n de los agresores, pues solicitan la intervenci\u00f3n de la Comisi\u00f3n Nacional de los Derechos Humanos ya que, aparentemente, quien inici\u00f3 el pleito fue la senadora por Sonora. Independientemente de quien haya iniciado el pleito, la agresi\u00f3n contra la medallista ol\u00edmpica, es totalmente absurda y reprobable. Cuatro tipejos agreden a una mujer. Aunque sea atleta y fuerte, es una mujer. Eso es una bestialidad. Pero, esas bestialidades ocurren cotidianamente en todos los rumbos del pa\u00eds. No es justificable, aunque nos habla del nivel de estr\u00e9s que vive la sociedad. Si bien estoy en favor de la portaci\u00f3n de armas, este tipo de hechos nos lleva a reflexionar que por un simple altercado vial, se l\u00eden a balazos.<\/p>\n<p>La reflexi\u00f3n sobre la agresi\u00f3n a Ana Gabriela de ir m\u00e1s all\u00e1 de un pleito callejero con brabucones y montoneros.<\/p>\n<p>Merecen c\u00e1rcel sin derecho a fianza, como establece la ley, por la alevos\u00eda y ventaja con que actuaron. Este caso, definitivamente, ser\u00e1 aclarado y llevado a sus \u201c\u00faltimas consecuencias\u201d, como establece el lugar com\u00fan de las palabras, debido a que la agresi\u00f3n fue contra una senadora de la Rep\u00fablica.<\/p>\n<p>Pero, miles de casos similares contra mujeres, ancianos, ni\u00f1os y hombres de bien, que llegan al asesinato, quedan impunes. Ah\u00ed es donde la justicia debe trabajar.<\/p>\n<p><strong>PODEROSOS CABALLEROS<\/strong>.- Todo hace pintar que el pr\u00f3ximo secretario de Cultura ser\u00e1 Ra\u00fal Padilla, rector de la Universidad de Guadalajara, en sustituci\u00f3n de Rafael Tovar y de Teresa, quien falleci\u00f3 la semana pasada. Las credenciales de apoyo cultural de Padilla, son sobresalientes.<\/p>\n<p>*** Quien pr\u00f3ximamente se convertir\u00e1 en el rival a vencer en el mercado de medicinas gen\u00e9ricas, es la firma jalisciense Laboratorio Collins, que dirige Tel\u00e9sforo Baltazar Tirado, que en 2014 vendi\u00f3 60 millones de unidades con lo cual logr\u00f3 el lugar n\u00famero 8 en el mercado privado de gen\u00e9ricos (sin contabilizar las compras del gobierno).<\/p>\n<p>El mercado total de medicamentos tiene un valor de alrededor de m\u00e1s 12 mil millones de d\u00f3lares, de los cu\u00e1les casi 6 mil millones corresponden a los gen\u00e9ricos, y se estima que los mismos gen\u00e9ricos en volumen ya representan el 85% del mercado total de medicamentos.<\/p>\n<p>*** El siguiente a\u00f1o en el Estado de M\u00e9xico se ejecutar\u00e1n importantes proyectos de infraestructura como el nuevo aeropuerto y el tren M\u00e9xico-Toluca, entre otros.<\/p>\n<p>Sin duda estas inversiones ser\u00e1n fundamentales para apuntalar el crecimiento de la entidad en un a\u00f1o incierto. Ante esta coyuntura, la experiencia que Alfredo Del Mazo adquiri\u00f3 como director de Banobras, donde impuls\u00f3 y ayud\u00f3 a dise\u00f1ar importantes proyectos de inversi\u00f3n en materia de infraestructura, le da una cierta ventaja sobre otros aspirantes, que si bien se han desarrollado en otros \u00e1mbitos, no se han fogueado en el complejo mundo financiero.<\/p>\n<p>*** Jaime Serra Puche, no desperdicia oportunidad para aparecer en cualquier acto p\u00fablico. Levanta la mano \u201ccomo negociador con experiencia\u201d ante la reapertura del TLCN. \u00bfDej\u00f3 buena imagen en el sector privado luego de sus errores administrativos en la negociaci\u00f3n del Tratado? Definitivamente, no. Ni como negociador, ni como secretario de Hacienda con 28 d\u00edas al principio del gobierno de Ernesto Zedillo.<\/p>\n<p><strong>AL FINAL DE CUENTAS<\/strong>: Nuestro lector, Gilberto Mar\u00edn Quintero, nos envi\u00f3 su punto de vista sobre lo que escribimos en torno a las finanzas de San Andr\u00e9s Cholula, Puebla, gobernada por Leoncio Paisano Arias. \u201c\u2026 en el municipio de San Andr\u00e9s Cholula, el presidente municipal mantiene la principal calle de acceso mal llamada \u201c camino real \u201c llena de baches, vendedores ambulantes a los cuales se les piden sus m\u00f3dicas cuotas para estar all\u00ed, y nula seguridad por los robos e incluso asesinatos resientes en Camino Real y Zavaleta.<\/p>\n<p>Le invito a que venga y se entere antes de publicar alabanzas a quien no cumple con su deber. Claro que no debe nada a los bancos, porque no gasta el predial en lo m\u00ednimo, que es pavimentaci\u00f3n y seguridad\u201d. Al final de cuentas, los gobernados son los que tienen la raz\u00f3n. Finanzas sanas, sin reflejar beneficios a la comunidad, es mala administraci\u00f3n.<\/p>\n<p><strong>RESPONSABILIDAD SOCIAL CORPORATIVA<\/strong>.- De verdad, consideraba ocioso recolectar tapitas de pl\u00e1stico de botellas de pet. Pero me llam\u00f3 la atenci\u00f3n positiva que sirven para ayudar a ni\u00f1os con c\u00e1ncer. A trav\u00e9s de la organizaci\u00f3n ciudadana \u201cSomos M\u00e1s\u201d, que dirige Emilio Serrano Jim\u00e9nez, as\u00ed como el Centro de Integraci\u00f3n Vecinal de Iztacalco, se dieron cita en la delegaci\u00f3n Iztacalco para donar m\u00e1s de un mill\u00f3n de tapitas y cortes de pelo al Banco de Tapitas. Adem\u00e1s, ni\u00f1as y j\u00f3venes donaron sus cortes de cabello para pelucas de ni\u00f1os y ni\u00f1as que padecen c\u00e1ncer. Felicidades.<\/p>\n<p><a href=\"mailto:vsanchezb@gmail.com\" target=\"_blank\"><em>vsanchezb@gmail.com<br \/>\n<\/em><\/a><em><strong>Twitter:<\/strong><a href=\"https:\/\/twitter.com\/vsanchezbanos\" target=\"_blank\">@vsanchezbano<br \/>\n<\/a><\/em><em><strong>Facebook:\u00a0<\/strong><a href=\"https:\/\/www.facebook.com\/vsanchezbanos?fref=ts\" target=\"_blank\">vsanchezbano<\/a><\/em><\/p>\n","protected":false},"excerpt":{"rendered":"<p><span style=\"color: #005497;\"><strong>V\u00edctor S\u00e1nchez Ba\u00f1os<\/strong><\/span><\/p>\n","protected":false},"author":3,"featured_media":0,"comment_status":"open","ping_status":"open","sticky":false,"template":"","format":"standard","meta":{"_monsterinsights_skip_tracking":false,"_monsterinsights_sitenote_active":false,"_monsterinsights_sitenote_note":"","_monsterinsights_sitenote_category":0,"footnotes":""},"categories":[38844],"tags":[43674,38847,38848],"class_list":["post-303508","post","type-post","status-publish","format-standard","hentry","category-victor-sanchez-banos","tag-opinion","tag-poder-y-dinero","tag-victor-sanchez-banos"],"_links":{"self":[{"href":"https:\/\/www.diarioimagen.net\/index.php?rest_route=\/wp\/v2\/posts\/303508","targetHints":{"allow":["GET"]}}],"collection":[{"href":"https:\/\/www.diarioimagen.net\/index.php?rest_route=\/wp\/v2\/posts"}],"about":[{"href":"https:\/\/www.diarioimagen.net\/index.php?rest_route=\/wp\/v2\/types\/post"}],"author":[{"embeddable":true,"href":"https:\/\/www.diarioimagen.net\/index.php?rest_route=\/wp\/v2\/users\/3"}],"replies":[{"embeddable":true,"href":"https:\/\/www.diarioimagen.net\/index.php?rest_route=%2Fwp%2Fv2%2Fcomments&post=303508"}],"version-history":[{"count":0,"href":"https:\/\/www.diarioimagen.net\/index.php?rest_route=\/wp\/v2\/posts\/303508\/revisions"}],"wp:attachment":[{"href":"https:\/\/www.diarioimagen.net\/index.php?rest_route=%2Fwp%2Fv2%2Fmedia&parent=303508"}],"wp:term":[{"taxonomy":"category","embeddable":true,"href":"https:\/\/www.diarioimagen.net\/index.php?rest_route=%2Fwp%2Fv2%2Fcategories&post=303508"},{"taxonomy":"post_tag","embeddable":true,"href":"https:\/\/www.diarioimagen.net\/index.php?rest_route=%2Fwp%2Fv2%2Ftags&post=303508"}],"curies":[{"name":"wp","href":"https:\/\/api.w.org\/{rel}","templated":true}]}}