{"id":303781,"date":"2016-12-19T00:00:41","date_gmt":"2016-12-19T06:00:41","guid":{"rendered":"http:\/\/www.diarioimagen.net\/?p=303781"},"modified":"2016-12-19T02:20:32","modified_gmt":"2016-12-19T08:20:32","slug":"orgullo-mexiquense-juan-jose-zendejas-gana-campeonato-nacional-de-salto-ecuestre","status":"publish","type":"post","link":"https:\/\/www.diarioimagen.net\/?p=303781","title":{"rendered":"Orgullo mexiquense, Juan Jos\u00e9 Zendejas gana Campeonato Nacional de Salto Ecuestre"},"content":{"rendered":"<ul>\n<li><em><strong>Celebra su tercer triunfo del 2016<\/strong><\/em><\/li>\n<\/ul>\n<p>&nbsp;<\/p>\n<div id=\"attachment_303782\" style=\"width: 470px\" class=\"wp-caption aligncenter\"><a href=\"http:\/\/www.diarioimagen.net\/?attachment_id=303782\" rel=\"attachment wp-att-303782\"><img loading=\"lazy\" decoding=\"async\" aria-describedby=\"caption-attachment-303782\" class=\"size-large wp-image-303782\" src=\"http:\/\/www.diarioimagen.net\/wp-content\/uploads\/2016\/12\/mexiquense-portal-460x268.jpg\" alt=\"\" width=\"460\" height=\"268\" srcset=\"https:\/\/www.diarioimagen.net\/wp-content\/uploads\/2016\/12\/mexiquense-portal-460x268.jpg 460w, https:\/\/www.diarioimagen.net\/wp-content\/uploads\/2016\/12\/mexiquense-portal-240x140.jpg 240w, https:\/\/www.diarioimagen.net\/wp-content\/uploads\/2016\/12\/mexiquense-portal.jpg 480w\" sizes=\"auto, (max-width: 460px) 100vw, 460px\" \/><\/a><p id=\"caption-attachment-303782\" class=\"wp-caption-text\">Juan Jos\u00e9 Zendejas Salgado cierra el a\u00f1o con broche de oro, al llevarse el Cl\u00e1sico del Campeonato Nacional Ecuestre 2016.<\/p><\/div>\n<p>&nbsp;<\/p>\n<p>El mexiquense Juan Jos\u00e9 Zendejas Salgado termin\u00f3 el a\u00f1o con otro campeonato m\u00e1s, en esta ocasi\u00f3n fue primero en el Campeonato Nacional de Salto Ecuestre 2016, celebrado en el Centro Ecuestre Balvanera y Country Club, de la Ciudad de Quer\u00e9taro, en el que participaron jinetes de todo el pa\u00eds.<\/p>\n<p>Para el Cl\u00e1sico, prueba estelar de la \u00faltima jornada, 30 binomios enfrentaron el primero de los dos recorridos diferentes del dise\u00f1ador Santiago Varela (ESP), tomando 12 obst\u00e1culos y 15 saltos con altura de 1.40 metros.<\/p>\n<p>Los 15 mejor calificados obtuvieron pasaporte a la segunda ronda con 10 obst\u00e1culos en 12 saltos.<\/p>\n<p>Dada la calidad competitiva, fue necesario el desempate por el t\u00edtulo, enfrentando 7 vallas m\u00e1s dominadas con absoluta perfecci\u00f3n por Juan Jos\u00e9 Zendejas, quien mont\u00f3 a \u201cTino La Capell\u201d, mismo que par\u00f3 los relojes a los 41 segundos, 69 cent\u00e9simas, acredit\u00e1ndose para el Estado de M\u00e9xico el campeonato de la categor\u00eda de Cl\u00e1sico.<\/p>\n<p>Los lugares subsecuentes se fueron para Jalisco, el subt\u00edtulo por cuenta de H\u00e9ctor Caro, que form\u00f3 binomio con \u201cCraig\u201d, al desempatar con limpieza en 43.84\u201d y el tercero para Juan Manuel Luzardo, que se retir\u00f3 en el desempate.<\/p>\n<p>Para Juan Jos\u00e9 Zendejas Salgado \u00e9ste fue su tercer campeonato del a\u00f1o.<\/p>\n<p>Los dos anteriores fueron la Copa de Naciones Furuisyya FEI CSIO 5 estrellas, de salto ecuestre por equipos, en el Club H\u00edpico Coapexpan, en Xalapa, Veracruz, y la segunda fue tambi\u00e9n la Copa de Naciones, celebrada en la ciudad canadiense de Vancouver, Canad\u00e1, igualmente por equipos.<\/p>\n<p>&nbsp;<\/p>\n<blockquote><p>Dada la calidad competitiva, fue necesario el desempate por el t\u00edtulo, enfrentando 7 vallas m\u00e1s dominadas con absoluta perfecci\u00f3n por Juan Jos\u00e9 Zendejas<\/p><\/blockquote>\n","protected":false},"excerpt":{"rendered":"<p>El mexiquense Juan Jos\u00e9 Zendejas Salgado termin\u00f3 el a\u00f1o con otro campeonato m\u00e1s, en esta ocasi\u00f3n fue primero en el Campeonato Nacional de Salto Ecuestre 2016, celebrado en el Centro Ecuestre Balvanera y Country Club, de la Ciudad de Quer\u00e9taro, en el que participaron jinetes de todo el pa\u00eds.<\/p>\n","protected":false},"author":5,"featured_media":303782,"comment_status":"open","ping_status":"open","sticky":false,"template":"","format":"standard","meta":{"_monsterinsights_skip_tracking":false,"_monsterinsights_sitenote_active":false,"_monsterinsights_sitenote_note":"","_monsterinsights_sitenote_category":0,"footnotes":""},"categories":[35155],"tags":[],"class_list":["post-303781","post","type-post","status-publish","format-standard","has-post-thumbnail","hentry","category-estado-de-mexico-estado-de-mexico"],"_links":{"self":[{"href":"https:\/\/www.diarioimagen.net\/index.php?rest_route=\/wp\/v2\/posts\/303781","targetHints":{"allow":["GET"]}}],"collection":[{"href":"https:\/\/www.diarioimagen.net\/index.php?rest_route=\/wp\/v2\/posts"}],"about":[{"href":"https:\/\/www.diarioimagen.net\/index.php?rest_route=\/wp\/v2\/types\/post"}],"author":[{"embeddable":true,"href":"https:\/\/www.diarioimagen.net\/index.php?rest_route=\/wp\/v2\/users\/5"}],"replies":[{"embeddable":true,"href":"https:\/\/www.diarioimagen.net\/index.php?rest_route=%2Fwp%2Fv2%2Fcomments&post=303781"}],"version-history":[{"count":0,"href":"https:\/\/www.diarioimagen.net\/index.php?rest_route=\/wp\/v2\/posts\/303781\/revisions"}],"wp:featuredmedia":[{"embeddable":true,"href":"https:\/\/www.diarioimagen.net\/index.php?rest_route=\/wp\/v2\/media\/303782"}],"wp:attachment":[{"href":"https:\/\/www.diarioimagen.net\/index.php?rest_route=%2Fwp%2Fv2%2Fmedia&parent=303781"}],"wp:term":[{"taxonomy":"category","embeddable":true,"href":"https:\/\/www.diarioimagen.net\/index.php?rest_route=%2Fwp%2Fv2%2Fcategories&post=303781"},{"taxonomy":"post_tag","embeddable":true,"href":"https:\/\/www.diarioimagen.net\/index.php?rest_route=%2Fwp%2Fv2%2Ftags&post=303781"}],"curies":[{"name":"wp","href":"https:\/\/api.w.org\/{rel}","templated":true}]}}