{"id":303850,"date":"2016-12-19T00:01:44","date_gmt":"2016-12-19T06:01:44","guid":{"rendered":"http:\/\/www.diarioimagen.net\/?p=303850"},"modified":"2016-12-19T04:58:03","modified_gmt":"2016-12-19T10:58:03","slug":"jorge-olvera-entrego-ambulancia-al-cirac","status":"publish","type":"post","link":"https:\/\/www.diarioimagen.net\/?p=303850","title":{"rendered":"Jorge Olvera entreg\u00f3 ambulancia al CIRAC"},"content":{"rendered":"<p><a href=\"http:\/\/www.diarioimagen.net\/?attachment_id=303956\" rel=\"attachment wp-att-303956\"><img loading=\"lazy\" decoding=\"async\" class=\"aligncenter size-large wp-image-303956\" src=\"http:\/\/www.diarioimagen.net\/wp-content\/uploads\/2016\/12\/UAEM-3021-460x307.jpg\" alt=\"\" width=\"460\" height=\"307\" srcset=\"https:\/\/www.diarioimagen.net\/wp-content\/uploads\/2016\/12\/UAEM-3021-460x307.jpg 460w, https:\/\/www.diarioimagen.net\/wp-content\/uploads\/2016\/12\/UAEM-3021-240x160.jpg 240w, https:\/\/www.diarioimagen.net\/wp-content\/uploads\/2016\/12\/UAEM-3021-768x512.jpg 768w, https:\/\/www.diarioimagen.net\/wp-content\/uploads\/2016\/12\/UAEM-3021.jpg 1200w\" sizes=\"auto, (max-width: 460px) 100vw, 460px\" \/><\/a><\/p>\n<p>&nbsp;<\/p>\n<p>El rector de la Universidad Aut\u00f3noma del Estado de M\u00e9xico, Jorge Olvera Garc\u00eda, entreg\u00f3 al Centro Infantil de Rehabilitaci\u00f3n con Asistencia Canina (CIRAC) una ambulancia que permitir\u00e1 coadyuvar con las actividades que realiza este espacio de la M\u00e1xima Casa de Estudios mexiquense, pero tambi\u00e9n realizar acciones de atenci\u00f3n m\u00e9dica primaria e incluso, rescate.<\/p>\n<p>Acompa\u00f1ado del director de la Facultad de Medicina Veterinaria y Zootecnia de la UAEM, Roberto Montes de Oca Jim\u00e9nez, y el coordinador del CIRAC, Rafael Cano Torres, el rector refiri\u00f3 que la administraci\u00f3n 2013-2017 contin\u00faa realizando acciones en beneficio de la sociedad; en este caso, abund\u00f3, para rescatar a perros vulnerables y en situaci\u00f3n de calle.<\/p>\n","protected":false},"excerpt":{"rendered":"<p>El rector de la Universidad Aut\u00f3noma del Estado de M\u00e9xico, Jorge Olvera Garc\u00eda, entreg\u00f3 al Centro Infantil de Rehabilitaci\u00f3n con Asistencia Canina (CIRAC) una ambulancia que permitir\u00e1 coadyuvar con las actividades que realiza este espacio de la M\u00e1xima Casa de Estudios mexiquense, pero tambi\u00e9n realizar acciones de atenci\u00f3n m\u00e9dica primaria e incluso, rescate.<\/p>\n","protected":false},"author":3,"featured_media":303956,"comment_status":"open","ping_status":"open","sticky":false,"template":"","format":"standard","meta":{"_monsterinsights_skip_tracking":false,"_monsterinsights_sitenote_active":false,"_monsterinsights_sitenote_note":"","_monsterinsights_sitenote_category":0,"footnotes":""},"categories":[35155],"tags":[43675,27015],"class_list":["post-303850","post","type-post","status-publish","format-standard","has-post-thumbnail","hentry","category-estado-de-mexico-estado-de-mexico","tag-estado-de-mexico","tag-jorge-olvera-garcia"],"_links":{"self":[{"href":"https:\/\/www.diarioimagen.net\/index.php?rest_route=\/wp\/v2\/posts\/303850","targetHints":{"allow":["GET"]}}],"collection":[{"href":"https:\/\/www.diarioimagen.net\/index.php?rest_route=\/wp\/v2\/posts"}],"about":[{"href":"https:\/\/www.diarioimagen.net\/index.php?rest_route=\/wp\/v2\/types\/post"}],"author":[{"embeddable":true,"href":"https:\/\/www.diarioimagen.net\/index.php?rest_route=\/wp\/v2\/users\/3"}],"replies":[{"embeddable":true,"href":"https:\/\/www.diarioimagen.net\/index.php?rest_route=%2Fwp%2Fv2%2Fcomments&post=303850"}],"version-history":[{"count":0,"href":"https:\/\/www.diarioimagen.net\/index.php?rest_route=\/wp\/v2\/posts\/303850\/revisions"}],"wp:featuredmedia":[{"embeddable":true,"href":"https:\/\/www.diarioimagen.net\/index.php?rest_route=\/wp\/v2\/media\/303956"}],"wp:attachment":[{"href":"https:\/\/www.diarioimagen.net\/index.php?rest_route=%2Fwp%2Fv2%2Fmedia&parent=303850"}],"wp:term":[{"taxonomy":"category","embeddable":true,"href":"https:\/\/www.diarioimagen.net\/index.php?rest_route=%2Fwp%2Fv2%2Fcategories&post=303850"},{"taxonomy":"post_tag","embeddable":true,"href":"https:\/\/www.diarioimagen.net\/index.php?rest_route=%2Fwp%2Fv2%2Ftags&post=303850"}],"curies":[{"name":"wp","href":"https:\/\/api.w.org\/{rel}","templated":true}]}}