{"id":303866,"date":"2016-12-19T00:06:17","date_gmt":"2016-12-19T06:06:17","guid":{"rendered":"http:\/\/www.diarioimagen.net\/?p=303866"},"modified":"2016-12-19T07:25:34","modified_gmt":"2016-12-19T13:25:34","slug":"realizan-en-naucalpan-la-tradicional-carrera-del-pavo","status":"publish","type":"post","link":"https:\/\/www.diarioimagen.net\/?p=303866","title":{"rendered":"Realizan en Naucalpan la tradicional \u201cCarrera del Pavo\u201d"},"content":{"rendered":"<ul>\n<li><strong><em>El 40% de los atletas fueron de m\u00e1s de 60 a\u00f1os<\/em><\/strong><\/li>\n<\/ul>\n<p>&nbsp;<\/p>\n<div id=\"attachment_303971\" style=\"width: 470px\" class=\"wp-caption aligncenter\"><a href=\"http:\/\/www.diarioimagen.net\/?attachment_id=303971\" rel=\"attachment wp-att-303971\"><img loading=\"lazy\" decoding=\"async\" aria-describedby=\"caption-attachment-303971\" class=\"size-large wp-image-303971\" src=\"http:\/\/www.diarioimagen.net\/wp-content\/uploads\/2016\/12\/NAUCALPAN-carrera-3021-460x259.jpg\" alt=\"\" width=\"460\" height=\"259\" srcset=\"https:\/\/www.diarioimagen.net\/wp-content\/uploads\/2016\/12\/NAUCALPAN-carrera-3021-460x259.jpg 460w, https:\/\/www.diarioimagen.net\/wp-content\/uploads\/2016\/12\/NAUCALPAN-carrera-3021-240x135.jpg 240w, https:\/\/www.diarioimagen.net\/wp-content\/uploads\/2016\/12\/NAUCALPAN-carrera-3021-235x132.jpg 235w, https:\/\/www.diarioimagen.net\/wp-content\/uploads\/2016\/12\/NAUCALPAN-carrera-3021-202x114.jpg 202w, https:\/\/www.diarioimagen.net\/wp-content\/uploads\/2016\/12\/NAUCALPAN-carrera-3021-350x196.jpg 350w, https:\/\/www.diarioimagen.net\/wp-content\/uploads\/2016\/12\/NAUCALPAN-carrera-3021-220x123.jpg 220w, https:\/\/www.diarioimagen.net\/wp-content\/uploads\/2016\/12\/NAUCALPAN-carrera-3021-237x132.jpg 237w, https:\/\/www.diarioimagen.net\/wp-content\/uploads\/2016\/12\/NAUCALPAN-carrera-3021.jpg 480w\" sizes=\"auto, (max-width: 460px) 100vw, 460px\" \/><\/a><p id=\"caption-attachment-303971\" class=\"wp-caption-text\">En la tradicional \u201cCarrera del Pavo\u201d participaron 2 mil 16 corredores, de entre 18 y 80 a\u00f1os de edad.<\/p><\/div>\n<p>&nbsp;<\/p>\n<p><strong>Naucalpan, Estado de M\u00e9xico<\/strong>.- Un esp\u00edritu deportivo y navide\u00f1o invadi\u00f3 las calles del fraccionamiento industrial Alce Blanco, con la realizaci\u00f3n de la tradicional \u201cCarrera del Pavo\u201d, organizada por el gobierno local, donde participaron 2 mil 16 corredores, de entre 18 y 80 a\u00f1os de edad.<\/p>\n<p>El Instituto Municipal de Cultura F\u00edsica y Deporte de Naucalpan (IMCUFIDEN) estuvo a cargo de la competencia de cinco kil\u00f3metros, en la que corrieron mil 112 mujeres y 904 hombres, todos vecinos del municipio, quienes recibieron como reconocimiento a su esfuerzo un pavo al concluir la carrera.<\/p>\n<p>El primer lugar varonil lo obtuvo \u00d3scar Cris\u00f3stomo Olivares, con un tiempo de 15:25 minutos, seguido de Juan Carlos Mendoza y Leonardo Manuel Le\u00f3n Garc\u00eda; Joaquina Cruz Hern\u00e1ndez, quien detuvo el cron\u00f3metro en el minuto 19:30, fue el primer lugar femenil, en tanto que Carmen Mart\u00ednez Borges y Roc\u00edo Mendoza Velarde, llegaron en segundo y tercer lugar, respectivamente.<\/p>\n<p>El 40 por ciento de los corredores fueron personas mayores de 60 a\u00f1os, tres de ellas con 80; las colonias con mayor n\u00famero de participantes fueron San Rafael Chamapa, con 183;\u00a0 M\u00e9xico 68, con 144, y San Lorenzo Totolinga, con 77.<\/p>\n<p>Para salvaguardar la integridad de los participantes, la Direcci\u00f3n General de Seguridad Ciudadana y Tr\u00e1nsito Municipal implement\u00f3 un dispositivo con 113 elementos, 32 patrullas, 16 motocicletas y cinco binomios de la polic\u00eda montada, en tanto que la Direcci\u00f3n General de Protecci\u00f3n Civil y Bomberos estuvo presente con una ambulancia y dos motoambulancias, con param\u00e9dicos.<\/p>\n<p>&nbsp;<\/p>\n","protected":false},"excerpt":{"rendered":"<p>Un esp\u00edritu deportivo y navide\u00f1o invadi\u00f3 las calles del fraccionamiento industrial Alce Blanco, con la realizaci\u00f3n de la tradicional \u201cCarrera del Pavo\u201d, organizada por el gobierno local, donde participaron 2 mil 16 corredores, de entre 18 y 80 a\u00f1os de edad.<\/p>\n","protected":false},"author":3,"featured_media":303971,"comment_status":"open","ping_status":"open","sticky":false,"template":"","format":"standard","meta":{"_monsterinsights_skip_tracking":false,"_monsterinsights_sitenote_active":false,"_monsterinsights_sitenote_note":"","_monsterinsights_sitenote_category":0,"footnotes":""},"categories":[35155],"tags":[43675,970],"class_list":["post-303866","post","type-post","status-publish","format-standard","has-post-thumbnail","hentry","category-estado-de-mexico-estado-de-mexico","tag-estado-de-mexico","tag-naucalpan"],"_links":{"self":[{"href":"https:\/\/www.diarioimagen.net\/index.php?rest_route=\/wp\/v2\/posts\/303866","targetHints":{"allow":["GET"]}}],"collection":[{"href":"https:\/\/www.diarioimagen.net\/index.php?rest_route=\/wp\/v2\/posts"}],"about":[{"href":"https:\/\/www.diarioimagen.net\/index.php?rest_route=\/wp\/v2\/types\/post"}],"author":[{"embeddable":true,"href":"https:\/\/www.diarioimagen.net\/index.php?rest_route=\/wp\/v2\/users\/3"}],"replies":[{"embeddable":true,"href":"https:\/\/www.diarioimagen.net\/index.php?rest_route=%2Fwp%2Fv2%2Fcomments&post=303866"}],"version-history":[{"count":0,"href":"https:\/\/www.diarioimagen.net\/index.php?rest_route=\/wp\/v2\/posts\/303866\/revisions"}],"wp:featuredmedia":[{"embeddable":true,"href":"https:\/\/www.diarioimagen.net\/index.php?rest_route=\/wp\/v2\/media\/303971"}],"wp:attachment":[{"href":"https:\/\/www.diarioimagen.net\/index.php?rest_route=%2Fwp%2Fv2%2Fmedia&parent=303866"}],"wp:term":[{"taxonomy":"category","embeddable":true,"href":"https:\/\/www.diarioimagen.net\/index.php?rest_route=%2Fwp%2Fv2%2Fcategories&post=303866"},{"taxonomy":"post_tag","embeddable":true,"href":"https:\/\/www.diarioimagen.net\/index.php?rest_route=%2Fwp%2Fv2%2Ftags&post=303866"}],"curies":[{"name":"wp","href":"https:\/\/api.w.org\/{rel}","templated":true}]}}