{"id":303873,"date":"2016-12-19T00:02:28","date_gmt":"2016-12-19T06:02:28","guid":{"rendered":"http:\/\/www.diarioimagen.net\/?p=303873"},"modified":"2016-12-19T07:29:20","modified_gmt":"2016-12-19T13:29:20","slug":"reconoce-denisse-ugalde-a-los-consejos-de-participacion-ciudadana","status":"publish","type":"post","link":"https:\/\/www.diarioimagen.net\/?p=303873","title":{"rendered":"Reconoce Denisse Ugalde a los Consejos de Participaci\u00f3n Ciudadana"},"content":{"rendered":"<ul>\n<li><strong><em>Primer a\u00f1o de gobierno<\/em><\/strong><\/li>\n<\/ul>\n<p>&nbsp;<\/p>\n<div id=\"attachment_303980\" style=\"width: 470px\" class=\"wp-caption aligncenter\"><a href=\"http:\/\/www.diarioimagen.net\/?attachment_id=303980\" rel=\"attachment wp-att-303980\"><img loading=\"lazy\" decoding=\"async\" aria-describedby=\"caption-attachment-303980\" class=\"size-large wp-image-303980\" src=\"http:\/\/www.diarioimagen.net\/wp-content\/uploads\/2016\/12\/TLALNEPANTLA-3021-460x259.jpg\" alt=\"\" width=\"460\" height=\"259\" srcset=\"https:\/\/www.diarioimagen.net\/wp-content\/uploads\/2016\/12\/TLALNEPANTLA-3021-460x259.jpg 460w, https:\/\/www.diarioimagen.net\/wp-content\/uploads\/2016\/12\/TLALNEPANTLA-3021-240x135.jpg 240w, https:\/\/www.diarioimagen.net\/wp-content\/uploads\/2016\/12\/TLALNEPANTLA-3021-235x132.jpg 235w, https:\/\/www.diarioimagen.net\/wp-content\/uploads\/2016\/12\/TLALNEPANTLA-3021-202x114.jpg 202w, https:\/\/www.diarioimagen.net\/wp-content\/uploads\/2016\/12\/TLALNEPANTLA-3021-350x196.jpg 350w, https:\/\/www.diarioimagen.net\/wp-content\/uploads\/2016\/12\/TLALNEPANTLA-3021-220x123.jpg 220w, https:\/\/www.diarioimagen.net\/wp-content\/uploads\/2016\/12\/TLALNEPANTLA-3021-237x132.jpg 237w, https:\/\/www.diarioimagen.net\/wp-content\/uploads\/2016\/12\/TLALNEPANTLA-3021.jpg 480w\" sizes=\"auto, (max-width: 460px) 100vw, 460px\" \/><\/a><p id=\"caption-attachment-303980\" class=\"wp-caption-text\">La alcaldesa Denisse Ugalde reconoci\u00f3 el trabajo que han realizado los Copacis durante este primer a\u00f1o de administraci\u00f3n en sus respectivas comunidades.<\/p><\/div>\n<p>&nbsp;<\/p>\n<p><strong>Tlalnepantla, Estado de M\u00e9xico<\/strong>.-La presidenta municipal, Denisse Ugalde Alegr\u00eda, exhort\u00f3 a los Consejos de Participaci\u00f3n Ciudadana a coadyuvar con el gobierno local, a fin de fortalecer el sentido de comunidad que permita hacer de Tlalnepantla una ciudad plural, incluyente, transparente, abierta, en paz y corresponsable.<\/p>\n<p>Al entregarles la credencial que los acreditan como representantes vecinales, con la atribuci\u00f3n de intervenir directamente en los programas de gobierno, la alcaldesa reconoci\u00f3 el trabajo que han realizado durante este primer a\u00f1o de administraci\u00f3n en sus respectivas comunidades.<\/p>\n<p>Hoy en d\u00eda, asegur\u00f3 Ugalde Alegr\u00eda, es dif\u00edcil encontrar personas comprometidas que est\u00e9n dispuestas a trabajar en beneficio de sus vecinos; sin embargo, \u201custedes han sido aliados muy importantes de esta administraci\u00f3n\u201d.<\/p>\n<p>Agradeci\u00f3 la comprensi\u00f3n que han mostrado desde el inicio, \u201cporque saben que el arranque no fue f\u00e1cil, pero hemos avanzado y hablado siempre con honestidad, reconociendo lo que se puede hacer en este momento y lo que se tendr\u00e1 que replantear para el segundo o tercer a\u00f1o.<\/p>\n<p>\u201cEsta apertura nos ha dado la oportunidad de recibirlos en las audiencias p\u00fablicas y atender sus principales necesidades, sobre todo en lo que se refiere a seguridad\u201d, afirm\u00f3 la presidenta municipal.<\/p>\n<p>Se comprometi\u00f3 a invitarlos al nuevo edificio de la Comisar\u00eda General de Seguridad P\u00fablica para que conozcan las instalaciones que ahora cuentan con m\u00e1s tecnolog\u00eda y que sean testigos del trabajo que se ha realizado en este rubro.<\/p>\n<p>Por su parte, el subsecretario de Gobierno, Rogelio Gonz\u00e1lez P\u00e9rez, apunt\u00f3 que la credencial que recibieron, los fortalece y los acredita como representantes de sus comunidades para continuar como \u00f3rganos de comunicaci\u00f3n y colaboraci\u00f3n con el ayuntamiento.<\/p>\n<p>&nbsp;<\/p>\n","protected":false},"excerpt":{"rendered":"<p>La presidenta municipal, Denisse Ugalde Alegr\u00eda, exhort\u00f3 a los Consejos de Participaci\u00f3n Ciudadana a coadyuvar con el gobierno local, a fin de fortalecer el sentido de comunidad que permita hacer de Tlalnepantla una ciudad plural, incluyente, transparente, abierta, en paz y corresponsable.<\/p>\n","protected":false},"author":3,"featured_media":303980,"comment_status":"open","ping_status":"open","sticky":false,"template":"","format":"standard","meta":{"_monsterinsights_skip_tracking":false,"_monsterinsights_sitenote_active":false,"_monsterinsights_sitenote_note":"","_monsterinsights_sitenote_category":0,"footnotes":""},"categories":[35155],"tags":[45490,43675,169],"class_list":["post-303873","post","type-post","status-publish","format-standard","has-post-thumbnail","hentry","category-estado-de-mexico-estado-de-mexico","tag-denisse-ugalde-alegria","tag-estado-de-mexico","tag-tlalnepantla"],"_links":{"self":[{"href":"https:\/\/www.diarioimagen.net\/index.php?rest_route=\/wp\/v2\/posts\/303873","targetHints":{"allow":["GET"]}}],"collection":[{"href":"https:\/\/www.diarioimagen.net\/index.php?rest_route=\/wp\/v2\/posts"}],"about":[{"href":"https:\/\/www.diarioimagen.net\/index.php?rest_route=\/wp\/v2\/types\/post"}],"author":[{"embeddable":true,"href":"https:\/\/www.diarioimagen.net\/index.php?rest_route=\/wp\/v2\/users\/3"}],"replies":[{"embeddable":true,"href":"https:\/\/www.diarioimagen.net\/index.php?rest_route=%2Fwp%2Fv2%2Fcomments&post=303873"}],"version-history":[{"count":0,"href":"https:\/\/www.diarioimagen.net\/index.php?rest_route=\/wp\/v2\/posts\/303873\/revisions"}],"wp:featuredmedia":[{"embeddable":true,"href":"https:\/\/www.diarioimagen.net\/index.php?rest_route=\/wp\/v2\/media\/303980"}],"wp:attachment":[{"href":"https:\/\/www.diarioimagen.net\/index.php?rest_route=%2Fwp%2Fv2%2Fmedia&parent=303873"}],"wp:term":[{"taxonomy":"category","embeddable":true,"href":"https:\/\/www.diarioimagen.net\/index.php?rest_route=%2Fwp%2Fv2%2Fcategories&post=303873"},{"taxonomy":"post_tag","embeddable":true,"href":"https:\/\/www.diarioimagen.net\/index.php?rest_route=%2Fwp%2Fv2%2Ftags&post=303873"}],"curies":[{"name":"wp","href":"https:\/\/api.w.org\/{rel}","templated":true}]}}