{"id":303916,"date":"2016-12-19T00:01:02","date_gmt":"2016-12-19T06:01:02","guid":{"rendered":"http:\/\/www.diarioimagen.net\/?p=303916"},"modified":"2017-03-15T23:57:25","modified_gmt":"2017-03-16T05:57:25","slug":"carlos-joaquin-llevara-al-medico-en-tu-casa","status":"publish","type":"post","link":"https:\/\/www.diarioimagen.net\/?p=303916","title":{"rendered":"Carlos Joaqu\u00edn llevar\u00e1  al \u201cM\u00e9dico en Tu Casa\u201d"},"content":{"rendered":"<h2>Derecho de r\u00e9plica<\/h2>\n<h5>Yolanda Montalvo<\/h5>\n<p>&nbsp;<\/p>\n<p>El fin de semana pasado, el gobernador Carlos Joaqu\u00edn, dio inicio a un programa de salud p\u00fablica que puede marcar la diferencia, no s\u00f3lo en el acceso de la poblaci\u00f3n a los servicios m\u00e9dicos, sino tambi\u00e9n puede ser el inicio de un impacto real en la disminuci\u00f3n de las complicaciones en los embarazos, los cuales pueden desencadenar las muertes materno-infantil: se trata del programa M\u00e9dico en Tu Casa.<\/p>\n<p>El acceso a los servicios de salud llegar\u00e1 a la puerta de los hogares de las personas que lo requieran, lo que disminuir\u00e1 las desigualdades y al estado se le reducir\u00e1n los gastos en atenci\u00f3n en los centros hospitalarios, ya que al recibir tratamientos y cuidados de manera preventiva, se evitar\u00e1 la llegada a los hospitales de pacientes con padecimientos complicados por falta de atenci\u00f3n.<\/p>\n<p>Fue un compromiso de campa\u00f1a de Carlos Joaqu\u00edn el mejorar el sistema de salud, por lo que atacar los padecimientos desde la prevenci\u00f3n, seg\u00fan la propia Organizaci\u00f3n Mundial de la Salud, es la \u00fanica manera de que los gobiernos tengan resultados reales en la atenci\u00f3n de la poblaci\u00f3n, sin acabar con sus recursos econ\u00f3micos.<\/p>\n<p>Los que de manera inicial recibir\u00e1n la atenci\u00f3n en sus hogares, por un m\u00e9dico designado para ello, ser\u00e1n personas con dificultades f\u00edsicas, econ\u00f3micas o demogr\u00e1ficas para desplazarse, especialmente a embarazadas, adultos mayores y ni\u00f1os menores de 5 a\u00f1os.<\/p>\n<p>El mandatario advirti\u00f3 que M\u00e9dico en Tu Casa, como todos los programas puestos en marcha por su administraci\u00f3n, es parte de un proceso gradual de transformaci\u00f3n del estado.<\/p>\n<p style=\"text-align: center;\"><strong>Se le agu\u00f3 la fiesta<\/strong><\/p>\n<p>Durante la presentaci\u00f3n del proyecto M\u00e9dico en Tu Casa, estuvo presente Miguel \u00c1ngel Mancera, quien gobierna la Ciudad de M\u00e9xico, lugar donde dicho programa se realiza desde el 2014.<\/p>\n<p>El jefe de gobierno de la CDMX presumi\u00f3 que su idea de llevar los m\u00e9dicos hasta la puerta de los hogares, ahora adoptado por Quintana Roo, tambi\u00e9n fue acogido en dos provincias de China, Medell\u00edn, Bogot\u00e1 y es objeto de estudio de las Universidades del Sur de California y de Harvard, \u00a1uyyyyy, si, presumidito!<\/p>\n<p>Sin embargo, mientras Miguel \u00c1ngel Mancera visitaba Canc\u00fan, donde tambi\u00e9n aprovech\u00f3 para reafirmar que va con todo por la candidatura del PRD a la Presidencia de la Rep\u00fablica en el 2018, en la Ciudad de M\u00e9xico, sus trabajadores de la Red de Hospitales de la capital, le tumbaron su imagen de perfecto gobierno, pues salieron a las calles a protestar, ya que Mancera se fue a Quintana Roo y no les dej\u00f3 su sueldo, jijijijiji.<\/p>\n<p>Con fotos y videos circulando por los medios, a\u00a0Miguel \u00c1ngel Mancera no le qued\u00f3 m\u00e1s remedio que solucionar la situaci\u00f3n y pagar de inmediato las quincenas de diciembre, incluso antes de dejar este polo tur\u00edstico.<\/p>\n<p style=\"text-align: center;\"><strong>S\u00f3lo un candidato<\/strong><\/p>\n<p>Que ayer a las cuatro de la tarde venci\u00f3 el t\u00e9rmino de ley para que las diferentes bancadas del Congreso del estado presentaran, cada una, sus dos propuestas de candidatos a ocupar el cargo de fiscal de Quintana Roo.<\/p>\n<p>Los tricolores llegaron corriendo -como es tradici\u00f3n mexicana- para ingresar a la Oficial\u00eda de Partes del edificio parlamentario los documentos de Mar\u00eda Araceli Andrade Tolama y Gabriel Bueno Moreno, quienes ser\u00edan sus propuestas, perooooooo, a \u00faltima hora se dieron cuenta que Bueno Moreno, no era <em>tan bueno<\/em> para competir por el cargo, pues le faltaron requisitos por cumplir.<\/p>\n<p>De la dupla que la bancada del PRI pretendi\u00f3 proponer, s\u00f3lo pudo rescatar a Mar\u00eda Araceli Andrade Tolama, quien s\u00ed cumpli\u00f3 con los requisitos; en el curr\u00edculum de la abogada se incluye la defensa de la periodista Lydia Cacho contra Kamel Nacif y el \u201cg\u00f3ber precioso\u201d de Puebla, Mario Plutarco Mar\u00edn Torres; tambi\u00e9n tom\u00f3 parte en el caso del comunicador maya Pedro Canch\u00e9, lo que le vali\u00f3 salir en\u00a0la portada de la revista \u201cNewsweek\u201d, como una defensora de los integrantes de los medios de comunicaci\u00f3n.<\/p>\n<p>Si a Araceli Andrade le alcanzar\u00e1n sus antecedentes para ganar el puesto de fiscal general del estado, est\u00e1 en veremos, pues primero se tendr\u00eda que enfrentar en un mano a mano con otra mujer, Roxana\u00a0Lili Campos\u00a0Miranda, encargada del despacho\u00a0de la fiscal\u00eda y quien se perfila como la que ocupar\u00e1 de manera definitiva el cargo.<\/p>\n<p>Para muestra de que ella, Lili, <em>ya se vio<\/em> ratificada, est\u00e1 la agenda de trabajo que inici\u00f3 de manera inmediata, donde se reuni\u00f3 con autoridades del Sistema Nacional de Seguridad P\u00fablica, ya que pretende rescatar los 60 millones de pesos que <em>bailaron <\/em>en la administraci\u00f3n pasada, recursos que quedaron detenidos por los cambios en las leyes que se realizaron a inicios del trabajo de la nueva legislatura, donde dieron marcha atr\u00e1s de lo que se llam\u00f3 \u201cpaquete de impunidad\u201d de Roberto Borge. Empero, a\u00fan faltan conocer los candidatos de las bancadas del Congreso, distintas al PRI, aunque se sabe que Campos\u00a0Miranda ser\u00e1 parte de la lista, tambi\u00e9n podr\u00edan estar, el director de Averiguaciones Previas de la Subprocuradur\u00eda de Justicia de la Zona Norte, Leopoldo Cruz Navarro; el ex diputado Jorge Carlos Aguilar Osorio, que ha sido director de Servicios Periciales de la extinta Procuradur\u00eda y ex subprocurador, Miguel \u00c1ngel Pech Cen.<\/p>\n<p style=\"text-align: center;\"><strong>\u00bfEstrategia rumbo al 2017?<\/strong><\/p>\n<p>Por cierto, la\u00a0Comisi\u00f3n Nacional de Justicia del PRI anunci\u00f3 el retiro de los derechos partidarios del ex gobernador de Quintana Roo, Roberto Borge Angulo, junto con la expulsi\u00f3n del ex mandatario de Tamaulipas, Tom\u00e1s Yarrington, por falta de probidad y violar los c\u00f3digos de \u00e9tica pri\u00edsta.<\/p>\n<p>En el caso de Roberto Borge, el partido tricolor determin\u00f3 emitir la medida consistente en la imposibilidad para ejercer sus derechos de militante, hasta en tanto se resuelva el procedimiento iniciado en su contra, dada la gravedad de las acusaciones; por ahora no se habla de expulsi\u00f3n del otrora mandatario de Quintana Roo; sin embargo, dicen, los que de la <em>polaca<\/em> saben, que \u00e9stos son los ases que el PRI guarda para mejorar su imagen con miras a la elecci\u00f3n en el Estado de M\u00e9xico, que se realizar\u00e1 el pr\u00f3ximo a\u00f1o.\u00a0<em>Tant\u00e1n<\/em>.<\/p>\n<p>&nbsp;<\/p>\n<blockquote><p>Recibo informaci\u00f3n, comentarios, denuncias, r\u00e9plicas y balconeadas, etc. al mail: <em><a href=\"mailto:yolandamontalvoh@gmail.com\" target=\"_blank\">yolandamontalvoh@gmail.com<\/a><\/em><\/p><\/blockquote>\n","protected":false},"excerpt":{"rendered":"<p><span style=\"color: #005497;\"><strong>Yolanda Montalvo<\/strong><\/span><\/p>\n","protected":false},"author":3,"featured_media":0,"comment_status":"open","ping_status":"open","sticky":false,"template":"","format":"standard","meta":{"_monsterinsights_skip_tracking":false,"_monsterinsights_sitenote_active":false,"_monsterinsights_sitenote_note":"","_monsterinsights_sitenote_category":0,"footnotes":""},"categories":[55237],"tags":[47840,43674,47841],"class_list":["post-303916","post","type-post","status-publish","format-standard","hentry","category-yolanda-montalvo","tag-derecho-de-replica","tag-opinion","tag-yolanda-montalvo"],"_links":{"self":[{"href":"https:\/\/www.diarioimagen.net\/index.php?rest_route=\/wp\/v2\/posts\/303916","targetHints":{"allow":["GET"]}}],"collection":[{"href":"https:\/\/www.diarioimagen.net\/index.php?rest_route=\/wp\/v2\/posts"}],"about":[{"href":"https:\/\/www.diarioimagen.net\/index.php?rest_route=\/wp\/v2\/types\/post"}],"author":[{"embeddable":true,"href":"https:\/\/www.diarioimagen.net\/index.php?rest_route=\/wp\/v2\/users\/3"}],"replies":[{"embeddable":true,"href":"https:\/\/www.diarioimagen.net\/index.php?rest_route=%2Fwp%2Fv2%2Fcomments&post=303916"}],"version-history":[{"count":0,"href":"https:\/\/www.diarioimagen.net\/index.php?rest_route=\/wp\/v2\/posts\/303916\/revisions"}],"wp:attachment":[{"href":"https:\/\/www.diarioimagen.net\/index.php?rest_route=%2Fwp%2Fv2%2Fmedia&parent=303916"}],"wp:term":[{"taxonomy":"category","embeddable":true,"href":"https:\/\/www.diarioimagen.net\/index.php?rest_route=%2Fwp%2Fv2%2Fcategories&post=303916"},{"taxonomy":"post_tag","embeddable":true,"href":"https:\/\/www.diarioimagen.net\/index.php?rest_route=%2Fwp%2Fv2%2Ftags&post=303916"}],"curies":[{"name":"wp","href":"https:\/\/api.w.org\/{rel}","templated":true}]}}