{"id":304059,"date":"2016-12-20T00:05:43","date_gmt":"2016-12-20T06:05:43","guid":{"rendered":"http:\/\/www.diarioimagen.net\/?p=304059"},"modified":"2016-12-20T01:37:29","modified_gmt":"2016-12-20T07:37:29","slug":"la-argentina-flor-villagra-trae-verduritas-para-llevar","status":"publish","type":"post","link":"https:\/\/www.diarioimagen.net\/?p=304059","title":{"rendered":"La argentina Flor Villagra trae <em>Verduritas<\/em> para llevar"},"content":{"rendered":"<ul>\n<li><em><strong>La cantante fusiona trova con rock, honestidad y <\/strong><\/em><strong>\u201cpunch\u201d<\/strong><em><strong> en el escenario, su sencillo est\u00e1 disponible en plataformas digitales<\/strong><\/em><\/li>\n<\/ul>\n<h6>Arturo Arellano<\/h6>\n<p>&nbsp;<\/p>\n<div id=\"attachment_304060\" style=\"width: 470px\" class=\"wp-caption aligncenter\"><a href=\"http:\/\/www.diarioimagen.net\/?attachment_id=304060\" rel=\"attachment wp-att-304060\"><img loading=\"lazy\" decoding=\"async\" aria-describedby=\"caption-attachment-304060\" class=\"size-large wp-image-304060\" src=\"http:\/\/www.diarioimagen.net\/wp-content\/uploads\/2016\/12\/flor-villagra-poortal-460x375.jpg\" alt=\"\" width=\"460\" height=\"375\" srcset=\"https:\/\/www.diarioimagen.net\/wp-content\/uploads\/2016\/12\/flor-villagra-poortal-460x375.jpg 460w, https:\/\/www.diarioimagen.net\/wp-content\/uploads\/2016\/12\/flor-villagra-poortal-240x195.jpg 240w, https:\/\/www.diarioimagen.net\/wp-content\/uploads\/2016\/12\/flor-villagra-poortal.jpg 700w\" sizes=\"auto, (max-width: 460px) 100vw, 460px\" \/><\/a><p id=\"caption-attachment-304060\" class=\"wp-caption-text\">Para Flor Villagra este 2016 fue fruct\u00edfero y uno de los grandes momentos fue como invitada especial de los recitales que ofreci\u00f3 Fito P\u00e1ez en M\u00e9xico. <em>(Foto: Arturo Arellano)<\/em><\/p><\/div>\n<p>&nbsp;<\/p>\n<p>Luego del \u00e9xito obtenido con el lanzamiento de su m\u00e1s reciente disco \u201cCruje cascar\u00f3n\u201d, la cantante argentina Flor Villagra no descansa y lanza un nuevo sencillo titulado \u201cVerduritas\u201d, el cual es un tema m\u00e1s ligero en comparaci\u00f3n a lo que tiene acostumbrados a sus fans. No obstante es una canci\u00f3n que ha gustado mucho y que abrir\u00e1 la puerta para el lanzamiento de un nuevo EP, en el cual contendr\u00e1 cinco versiones nuevas de canciones anteriores pero en un estilo m\u00e1s rockero. Se pretende que este EP sea lanzado a principios de 2017, mientras tanto el sencillo \u201cVerduritas\u201d est\u00e1 ya disponible en plataformas digitales.<\/p>\n<p>En entrevista con <strong>DIARIO IMAGEN<\/strong>, durante su visita a nuestra redacci\u00f3n, Flor Villagra dijo \u201ca\u00fan no s\u00e9 si el sencillo va a ser parte del nuevo EP, pero ya est\u00e1 listo para escucharse, estoy pensando que el siguiente disco sea muy rockero y este tema no est\u00e1 en ese estilo, sin embargo ha gustado mucho, y seguramente quedar\u00e1 en un sencillo, porque el EP que se viene es m\u00e1s rockero, son versiones nuevas de canciones que ya hab\u00eda grabado antes pero no como con esta fuerza y energ\u00eda que da el rock. Con esto m\u00e1s que lograr sobresalir es lograr capturar un p\u00fablico que consuma lo que haces y se identifique con tu m\u00fasica\u201d, refiri\u00f3.<\/p>\n<p>En relaci\u00f3n al rock y a su inter\u00e9s por ejecutarlo explic\u00f3 \u201cpuede sonar a c<em>lich\u00e9<\/em>, pero creo que el rock m\u00e1s que lo musical es una actitud de vida, a m\u00ed me gusta porque en mi casa me cri\u00e9 escuchando rock, entre otras cosas, porque tambi\u00e9n se escuchaba trova cubana, blues, canci\u00f3n de autor, pero hubo mucho rock, eso me atrap\u00f3 y me influy\u00f3 por supuesto, pero es m\u00e1s cuesti\u00f3n de actitud, no soy fundamentalista del g\u00e9nero ni mucho menos, pero quiero hacerlo porque energ\u00e9ticamente me pone en un lugar para cantar que a m\u00ed me gusta, estoy en un momento de vida en el que me siento como para rockear. Esto no quiere decir que va a ser siempre igual, sino que me gusta experimentar\u201d.<\/p>\n<p>Como aporte del rock latino al rock global refiri\u00f3 \u201cArgentina es de los pa\u00edses latinos es el que m\u00e1s se ha desarrolado el rock, creo que el aporte que hay es poder abrir el juego y que se pueda cantar en espa\u00f1ol, el rock en tu idioma, que sigue siendo extra\u00f1o porque no es lo mismo que un rock en ingl\u00e9s, pero es bueno que podamos tenerlo en nuestra lengua natal, que la gente escuche letras en su idiosincrasia y no de otro pa\u00eds, esto adem\u00e1s de lo que cada pueblo le aporta a la m\u00fasica, que generalmente de este lado son fusiones con ritmos de cada lugar\u201d.<\/p>\n<p>No obstante con esta visi\u00f3n de la m\u00fasica neg\u00f3 que sea muy exigente con su propio trabajo \u201cno dir\u00eda que soy exigente, porque lo que hago es realmente dejar que salga lo que siento, de mis herramientas y limitaciones no me hago problema, lo que tengo lo defiendo con honestidad y siendo consciente de que habr\u00e1 a quien le guste y a quien no, pero eso tambi\u00e9n es bueno. Entiendo que la mayor\u00eda de los \u00edconos del rock son argentinos, pero mi \u00fanico compromiso es con las letras, ah\u00ed s\u00ed pongo mucho cuidado, me gusta mucho escribir, que sea algo po\u00e9tico, desde ese lugar s\u00ed hay compromiso y exigencia, de que nunca voy a hacer nada que sea de relleno o llegando a lugares comunes ya masticados\u201d, concluy\u00f3 y refiri\u00f3 como meta a corto plazo el lanzamiento de su nuevo EP a\u00fan sin nombre a principios de 2017, con lo que empezar\u00eda a coquetear con una participaci\u00f3n en el festival Vive Latino.<\/p>\n","protected":false},"excerpt":{"rendered":"<p>Luego del \u00e9xito obtenido con el lanzamiento de su m\u00e1s reciente disco \u201cCruje cascar\u00f3n\u201d, la cantante argentina Flor Villagra no descansa y lanza un nuevo sencillo titulado \u201cVerduritas\u201d, el cual es un tema m\u00e1s ligero en comparaci\u00f3n a lo que tiene acostumbrados a sus fans.<\/p>\n","protected":false},"author":5,"featured_media":304061,"comment_status":"open","ping_status":"open","sticky":false,"template":"","format":"standard","meta":{"_monsterinsights_skip_tracking":false,"_monsterinsights_sitenote_active":false,"_monsterinsights_sitenote_note":"","_monsterinsights_sitenote_category":0,"footnotes":""},"categories":[12],"tags":[43682],"class_list":["post-304059","post","type-post","status-publish","format-standard","has-post-thumbnail","hentry","category-espectaculos","tag-espectaculos"],"_links":{"self":[{"href":"https:\/\/www.diarioimagen.net\/index.php?rest_route=\/wp\/v2\/posts\/304059","targetHints":{"allow":["GET"]}}],"collection":[{"href":"https:\/\/www.diarioimagen.net\/index.php?rest_route=\/wp\/v2\/posts"}],"about":[{"href":"https:\/\/www.diarioimagen.net\/index.php?rest_route=\/wp\/v2\/types\/post"}],"author":[{"embeddable":true,"href":"https:\/\/www.diarioimagen.net\/index.php?rest_route=\/wp\/v2\/users\/5"}],"replies":[{"embeddable":true,"href":"https:\/\/www.diarioimagen.net\/index.php?rest_route=%2Fwp%2Fv2%2Fcomments&post=304059"}],"version-history":[{"count":0,"href":"https:\/\/www.diarioimagen.net\/index.php?rest_route=\/wp\/v2\/posts\/304059\/revisions"}],"wp:featuredmedia":[{"embeddable":true,"href":"https:\/\/www.diarioimagen.net\/index.php?rest_route=\/wp\/v2\/media\/304061"}],"wp:attachment":[{"href":"https:\/\/www.diarioimagen.net\/index.php?rest_route=%2Fwp%2Fv2%2Fmedia&parent=304059"}],"wp:term":[{"taxonomy":"category","embeddable":true,"href":"https:\/\/www.diarioimagen.net\/index.php?rest_route=%2Fwp%2Fv2%2Fcategories&post=304059"},{"taxonomy":"post_tag","embeddable":true,"href":"https:\/\/www.diarioimagen.net\/index.php?rest_route=%2Fwp%2Fv2%2Ftags&post=304059"}],"curies":[{"name":"wp","href":"https:\/\/api.w.org\/{rel}","templated":true}]}}