{"id":304063,"date":"2016-12-20T00:06:20","date_gmt":"2016-12-20T06:06:20","guid":{"rendered":"http:\/\/www.diarioimagen.net\/?p=304063"},"modified":"2016-12-20T00:53:10","modified_gmt":"2016-12-20T06:53:10","slug":"geraldine-sale-del-desierto-para-brillar","status":"publish","type":"post","link":"https:\/\/www.diarioimagen.net\/?p=304063","title":{"rendered":"Geraldine sale del <em>Desierto<\/em> para brillar"},"content":{"rendered":"<ul>\n<li>L<em><strong>a cantante presenta su disco debut \u201cGeraldine Project\u201d en formato f\u00edsico y plataformas digitales<\/strong><\/em><\/li>\n<\/ul>\n<h6>Arturo Arellano<\/h6>\n<p><strong>\u00a0<\/strong><\/p>\n<div id=\"attachment_304064\" style=\"width: 470px\" class=\"wp-caption aligncenter\"><a href=\"http:\/\/www.diarioimagen.net\/?attachment_id=304064\" rel=\"attachment wp-att-304064\"><img loading=\"lazy\" decoding=\"async\" aria-describedby=\"caption-attachment-304064\" class=\"size-large wp-image-304064\" src=\"http:\/\/www.diarioimagen.net\/wp-content\/uploads\/2016\/12\/geraldine-portal-460x268.jpg\" alt=\"\" width=\"460\" height=\"268\" srcset=\"https:\/\/www.diarioimagen.net\/wp-content\/uploads\/2016\/12\/geraldine-portal-460x268.jpg 460w, https:\/\/www.diarioimagen.net\/wp-content\/uploads\/2016\/12\/geraldine-portal-240x140.jpg 240w, https:\/\/www.diarioimagen.net\/wp-content\/uploads\/2016\/12\/geraldine-portal.jpg 480w\" sizes=\"auto, (max-width: 460px) 100vw, 460px\" \/><\/a><p id=\"caption-attachment-304064\" class=\"wp-caption-text\">Geraldine fusiona el rock con blues y tintes de jazz en su disco \u201cGeraldine Project\u201d.<\/p><\/div>\n<p>&nbsp;<\/p>\n<p>Geraldine es una talentosa cantautora mexicana que cumple su sue\u00f1o de lanzar su primer disco \u201cGeraldine Project\u201d del que se desprenden sus dos primeros sencillos \u201cDesierto\u201d y \u201cDame una raz\u00f3n\u201d en un estilo que fusiona el rock con blues y tintes de jazz. En tanto asegura que sus letras son para dejar un mensaje positivo en las personas, invitarlas a perseguir sus sue\u00f1os y sobre todo a tener un cambio a nivel individual para ayudar alcanzar una sociedad m\u00e1s sana y mejor.<\/p>\n<p><em>En<\/em> entrevista con <strong>DIARIO IMAGEN<\/strong>, Geraldine platic\u00f3 al respecto: \u201cahora estoy en la plena promoci\u00f3n, queremos dar a conocer nuestra m\u00fasica de entrada en festivales y eventos privados, que la gente se quede a escucharnos porque les llame la atenci\u00f3n lo que hacemos en el escenario, que es una fusi\u00f3n del rock, con blues y jazz. De entrada estamos presentando nuestro sencillo \u2018Desierto\u2019, pero se vienen m\u00e1s, entre ellos temas cover e in\u00e9ditos, esperando ser del agrado de quien nos escuche\u201d.<\/p>\n<p>De sus letras dijo \u201cDesierto\u201d es un tema que habla de cuando se est\u00e1 en medio de la soledad, de la desolaci\u00f3n, de esos periodos de tiempo por los que todos los seres humanos atravesamos, pero que son necesarios para llegar a alg\u00fan lugar mejor. En realidad siempre busco que mis canciones dejen algo positivo, porque hoy en d\u00eda hace mucha falta que la gente se d\u00e9 cuenta que debemos ayudarnos entre nosotros, no hago canciones de protesta pero s\u00ed de conciencia\u201d. A lo anterior agreg\u00f3 que ha hecho una introspecci\u00f3n para dar vida a algunas canciones. \u201cEs el caso del siguiente sencillo que se llama \u2018Dame una raz\u00f3n\u2019 la hice a ra\u00edz de darme cuenta de que muchas veces la gente no valora lo que tiene y vivimos con los ojos vendados, mucha gente cree que habla de amor, pero no es as\u00ed, el tema invita a reflexionar\u201d.<\/p>\n<p>En el tema sonoro explic\u00f3 que \u201clo que le da un toque diferente a mi manera de hacer m\u00fasica es que incluyo, cuerdas, de pronto violines e instrumentos en g\u00e9neros que no muy normalmente las llevan como el rock, esto le da un matiz diferente a las canciones, llama la atenci\u00f3n. Incluso en los covers, como es el caso de la tan conocida \u2018Feeling good\u2019, que hiciera famosa Nina Simone, le doy mi propio estilo\u201d.<\/p>\n<p>Si bien la cantante reconoce que tard\u00f3 en cumplir sus sue\u00f1os, se\u00f1al\u00f3 que nunca es tarde \u201cyo siempre so\u00f1\u00e9 con cantar, pero no me animaba, algo me hac\u00eda falta, incluso trabaj\u00e9 mucho tiempo en algo que no quer\u00eda, ve\u00eda todos los d\u00edas entrar y salir gente de corbata, quej\u00e1ndose por hacer algo que no es de su agrado por obligaci\u00f3n o por presi\u00f3n social, yo era un caso, pero me decid\u00ed a perseguir lo que de verdad quer\u00eda que era cantar y ojal\u00e1 m\u00e1s gente se atreva, porque tenemos un pa\u00eds lleno de personas que no hacen lo que les gusta\u201d, asegur\u00f3. El disco de la cantante ya se puede escuchar en plataformas digitales, mientras que las presentaciones en vivo se ir\u00e1n dando a conocer en tanto se tengan confrmadas, esto a trav\u00e9s de sus redes sociales, donde se encuentra como Geraldine Project.<\/p>\n","protected":false},"excerpt":{"rendered":"<p>Geraldine es una talentosa cantautora mexicana que cumple su sue\u00f1o de lanzar su primer disco \u201cGeraldine Project\u201d del que se desprenden sus dos primeros sencillos \u201cDesierto\u201d y \u201cDame una raz\u00f3n\u201d en un estilo que fusiona el rock con blues y tintes de jazz. En tanto asegura que sus letras son para dejar un mensaje positivo en las personas, invitarlas a perseguir sus sue\u00f1os y sobre todo a tener un cambio a nivel individual para ayudar alcanzar una sociedad m\u00e1s sana y mejor.<\/p>\n","protected":false},"author":5,"featured_media":304064,"comment_status":"open","ping_status":"open","sticky":false,"template":"","format":"standard","meta":{"_monsterinsights_skip_tracking":false,"_monsterinsights_sitenote_active":false,"_monsterinsights_sitenote_note":"","_monsterinsights_sitenote_category":0,"footnotes":""},"categories":[12],"tags":[43682],"class_list":["post-304063","post","type-post","status-publish","format-standard","has-post-thumbnail","hentry","category-espectaculos","tag-espectaculos"],"_links":{"self":[{"href":"https:\/\/www.diarioimagen.net\/index.php?rest_route=\/wp\/v2\/posts\/304063","targetHints":{"allow":["GET"]}}],"collection":[{"href":"https:\/\/www.diarioimagen.net\/index.php?rest_route=\/wp\/v2\/posts"}],"about":[{"href":"https:\/\/www.diarioimagen.net\/index.php?rest_route=\/wp\/v2\/types\/post"}],"author":[{"embeddable":true,"href":"https:\/\/www.diarioimagen.net\/index.php?rest_route=\/wp\/v2\/users\/5"}],"replies":[{"embeddable":true,"href":"https:\/\/www.diarioimagen.net\/index.php?rest_route=%2Fwp%2Fv2%2Fcomments&post=304063"}],"version-history":[{"count":0,"href":"https:\/\/www.diarioimagen.net\/index.php?rest_route=\/wp\/v2\/posts\/304063\/revisions"}],"wp:featuredmedia":[{"embeddable":true,"href":"https:\/\/www.diarioimagen.net\/index.php?rest_route=\/wp\/v2\/media\/304064"}],"wp:attachment":[{"href":"https:\/\/www.diarioimagen.net\/index.php?rest_route=%2Fwp%2Fv2%2Fmedia&parent=304063"}],"wp:term":[{"taxonomy":"category","embeddable":true,"href":"https:\/\/www.diarioimagen.net\/index.php?rest_route=%2Fwp%2Fv2%2Fcategories&post=304063"},{"taxonomy":"post_tag","embeddable":true,"href":"https:\/\/www.diarioimagen.net\/index.php?rest_route=%2Fwp%2Fv2%2Ftags&post=304063"}],"curies":[{"name":"wp","href":"https:\/\/api.w.org\/{rel}","templated":true}]}}