{"id":304087,"date":"2016-12-20T00:08:08","date_gmt":"2016-12-20T06:08:08","guid":{"rendered":"http:\/\/www.diarioimagen.net\/?p=304087"},"modified":"2016-12-20T04:54:02","modified_gmt":"2016-12-20T10:54:02","slug":"edomex-clave-para-el-desarrollo-de-mexico","status":"publish","type":"post","link":"https:\/\/www.diarioimagen.net\/?p=304087","title":{"rendered":"Edomex, clave para el desarrollo de M\u00e9xico"},"content":{"rendered":"<h2>Arco Norte<\/h2>\n<h5>Jos\u00e9 Luis Monta\u00f1ez Aguilar<\/h5>\n<p>&nbsp;<\/p>\n<p><a href=\"http:\/\/www.diarioimagen.net\/?attachment_id=304197\" rel=\"attachment wp-att-304197\"><img loading=\"lazy\" decoding=\"async\" class=\"aligncenter size-large wp-image-304197\" src=\"http:\/\/www.diarioimagen.net\/wp-content\/uploads\/2016\/12\/arco-3022-460x259.jpg\" alt=\"\" width=\"460\" height=\"259\" srcset=\"https:\/\/www.diarioimagen.net\/wp-content\/uploads\/2016\/12\/arco-3022-460x259.jpg 460w, https:\/\/www.diarioimagen.net\/wp-content\/uploads\/2016\/12\/arco-3022-240x135.jpg 240w, https:\/\/www.diarioimagen.net\/wp-content\/uploads\/2016\/12\/arco-3022-235x132.jpg 235w, https:\/\/www.diarioimagen.net\/wp-content\/uploads\/2016\/12\/arco-3022-202x114.jpg 202w, https:\/\/www.diarioimagen.net\/wp-content\/uploads\/2016\/12\/arco-3022-350x196.jpg 350w, https:\/\/www.diarioimagen.net\/wp-content\/uploads\/2016\/12\/arco-3022-220x123.jpg 220w, https:\/\/www.diarioimagen.net\/wp-content\/uploads\/2016\/12\/arco-3022-237x132.jpg 237w, https:\/\/www.diarioimagen.net\/wp-content\/uploads\/2016\/12\/arco-3022.jpg 480w\" sizes=\"auto, (max-width: 460px) 100vw, 460px\" \/><\/a><\/p>\n<p>&nbsp;<\/p>\n<p>En presencia del gobernador Eruviel \u00c1vila Villegas, la secretaria del Trabajo, Alejandra del Moral Vela, asegur\u00f3 que el Estado de M\u00e9xico es pieza fundamental para el desarrollo del pa\u00eds, ya que es la entidad que m\u00e1s aporta al Producto Interno Bruto, adem\u00e1s de contar con la infraestructuras carretera y de salud m\u00e1s grandes.<\/p>\n<p>Al emitir su mensaje en representaci\u00f3n de los poderes p\u00fablicos de la entidad, con motivo del XLI Aniversario Luctuoso de don Alfredo del Mazo V\u00e9lez, la secretaria del Trabajo estatal afirm\u00f3 que hoy el reto de los mexiquenses es hacer que prevalezca la raz\u00f3n, la objetividad y los logros, por encima del pesimismo, lo que permitir\u00e1 que el estado siga su curso.<\/p>\n<p>Asegur\u00f3 que la cultura progresista con la que cuenta el Estado de M\u00e9xico es herencia de hombres y mujeres como el ex gobernador Alfredo del Mazo V\u00e9lez, quien sembr\u00f3 una cultura pol\u00edtica en la que se practican los valores, la eficiencia y el di\u00e1logo franco y constructivo, la cual contin\u00faa vigente con el gobernador Eruviel \u00c1vila Villegas.<\/p>\n<p>Previo a la ceremonia \u00c1vila Villegas deposit\u00f3 una ofrenda floral y mont\u00f3 guardia de honor donde yacen los restos del ex gobernador mexiquense en la Rotonda de las Personas Ilustres de Toluca<\/p>\n<p style=\"text-align: center;\"><strong>J\u00f3venes de IngeniaEDMX crean proyectos deportivos <\/strong><\/p>\n<p>Los 12 estudiantes de arquitectura que conforman la Tercera Generaci\u00f3n del Taller IngeniaEDMX finalizaron su participaci\u00f3n en el colectivo de obra p\u00fablica con dos propuestas para construir infraestructura deportiva: un gimnasio en el Deportivo Solidaridad de Chalco y un albergue para atletas de alto rendimiento, en el Campamento de Altura, en Amecameca.<\/p>\n<p>Al respecto, Rodrigo Luis, director de Construcci\u00f3n del Valle de M\u00e9xico, dijo que la tercera generaci\u00f3n de IngeniaEDMX propone una serie de elementos arquitect\u00f3nicos que fortalecen los objetivos de la actual administraci\u00f3n estatal en el trabajo de infraestructura: construir obras que sean incluyentes, seguras, dignas, funcionales y que adem\u00e1s de mejorar el impacto visual urbano fortalezcan el cuidado del medio ambiente.<\/p>\n<p><em><a href=\"mailto:montanezaguilar@gmail.com\" target=\"_blank\">montanezaguilar@gmail.com<\/a><\/em><\/p>\n","protected":false},"excerpt":{"rendered":"<p><span style=\"color: #005497;\">Jos\u00e9 Luis Monta\u00f1ez Aguilar<\/span><br \/>\n<br \/>\nEn presencia del gobernador Eruviel \u00c1vila Villegas, la secretaria del Trabajo, Alejandra del Moral Vela, asegur\u00f3 que el Estado de M\u00e9xico es pieza fundamental para el desarrollo del pa\u00eds, ya que es la entidad que m\u00e1s aporta al Producto Interno Bruto, adem\u00e1s de contar con la infraestructuras carretera y de salud m\u00e1s grandes.<\/p>\n","protected":false},"author":3,"featured_media":304197,"comment_status":"open","ping_status":"open","sticky":false,"template":"","format":"standard","meta":{"_monsterinsights_skip_tracking":false,"_monsterinsights_sitenote_active":false,"_monsterinsights_sitenote_note":"","_monsterinsights_sitenote_category":0,"footnotes":""},"categories":[5],"tags":[13284,43704,43674],"class_list":["post-304087","post","type-post","status-publish","format-standard","has-post-thumbnail","hentry","category-estado-de-mexico","tag-arco-norte","tag-jose-luis-montanez-aguilar","tag-opinion"],"_links":{"self":[{"href":"https:\/\/www.diarioimagen.net\/index.php?rest_route=\/wp\/v2\/posts\/304087","targetHints":{"allow":["GET"]}}],"collection":[{"href":"https:\/\/www.diarioimagen.net\/index.php?rest_route=\/wp\/v2\/posts"}],"about":[{"href":"https:\/\/www.diarioimagen.net\/index.php?rest_route=\/wp\/v2\/types\/post"}],"author":[{"embeddable":true,"href":"https:\/\/www.diarioimagen.net\/index.php?rest_route=\/wp\/v2\/users\/3"}],"replies":[{"embeddable":true,"href":"https:\/\/www.diarioimagen.net\/index.php?rest_route=%2Fwp%2Fv2%2Fcomments&post=304087"}],"version-history":[{"count":0,"href":"https:\/\/www.diarioimagen.net\/index.php?rest_route=\/wp\/v2\/posts\/304087\/revisions"}],"wp:featuredmedia":[{"embeddable":true,"href":"https:\/\/www.diarioimagen.net\/index.php?rest_route=\/wp\/v2\/media\/304197"}],"wp:attachment":[{"href":"https:\/\/www.diarioimagen.net\/index.php?rest_route=%2Fwp%2Fv2%2Fmedia&parent=304087"}],"wp:term":[{"taxonomy":"category","embeddable":true,"href":"https:\/\/www.diarioimagen.net\/index.php?rest_route=%2Fwp%2Fv2%2Fcategories&post=304087"},{"taxonomy":"post_tag","embeddable":true,"href":"https:\/\/www.diarioimagen.net\/index.php?rest_route=%2Fwp%2Fv2%2Ftags&post=304087"}],"curies":[{"name":"wp","href":"https:\/\/api.w.org\/{rel}","templated":true}]}}