{"id":304133,"date":"2016-12-20T00:05:01","date_gmt":"2016-12-20T06:05:01","guid":{"rendered":"http:\/\/www.diarioimagen.net\/?p=304133"},"modified":"2016-12-20T05:20:08","modified_gmt":"2016-12-20T11:20:08","slug":"entrega-pablo-peralta-apoyos-a-la-comunidad-en-huixquilucan","status":"publish","type":"post","link":"https:\/\/www.diarioimagen.net\/?p=304133","title":{"rendered":"Entrega Pablo Peralta apoyos a la comunidad en Huixquilucan"},"content":{"rendered":"<p><a href=\"http:\/\/www.diarioimagen.net\/?attachment_id=304232\" rel=\"attachment wp-att-304232\"><img loading=\"lazy\" decoding=\"async\" class=\"aligncenter size-large wp-image-304232\" src=\"http:\/\/www.diarioimagen.net\/wp-content\/uploads\/2016\/12\/HUIXQUILUCAN-3022-460x259.jpg\" alt=\"\" width=\"460\" height=\"259\" srcset=\"https:\/\/www.diarioimagen.net\/wp-content\/uploads\/2016\/12\/HUIXQUILUCAN-3022-460x259.jpg 460w, https:\/\/www.diarioimagen.net\/wp-content\/uploads\/2016\/12\/HUIXQUILUCAN-3022-240x135.jpg 240w, https:\/\/www.diarioimagen.net\/wp-content\/uploads\/2016\/12\/HUIXQUILUCAN-3022-235x132.jpg 235w, https:\/\/www.diarioimagen.net\/wp-content\/uploads\/2016\/12\/HUIXQUILUCAN-3022-202x114.jpg 202w, https:\/\/www.diarioimagen.net\/wp-content\/uploads\/2016\/12\/HUIXQUILUCAN-3022-350x196.jpg 350w, https:\/\/www.diarioimagen.net\/wp-content\/uploads\/2016\/12\/HUIXQUILUCAN-3022-220x123.jpg 220w, https:\/\/www.diarioimagen.net\/wp-content\/uploads\/2016\/12\/HUIXQUILUCAN-3022-237x132.jpg 237w, https:\/\/www.diarioimagen.net\/wp-content\/uploads\/2016\/12\/HUIXQUILUCAN-3022.jpg 480w\" sizes=\"auto, (max-width: 460px) 100vw, 460px\" \/><\/a><\/p>\n<p>&nbsp;<\/p>\n<p><strong>Huixquilucan, Estado de M\u00e9xico.-<\/strong> La entrega de apoyos a la comunidad\u00a0busca mejorar la calidad de vida y contribuir en la econom\u00eda familiar de vecinos del distrito XVII, asegur\u00f3 el\u00a0diputado local Pablo Peralta.<\/p>\n<p>Esto, al\u00a0realizar una gira de trabajo por el distrito que representa acompa\u00f1ado de la diputada Irazema Gonz\u00e1lez. Ah\u00ed,\u00a0el legislador entreg\u00f3 paquetes nutricionales, cobijas y toneladas de cemento para obras comunitarias en la colonia El Huizachal.<\/p>\n","protected":false},"excerpt":{"rendered":"<p>La entrega de apoyos a la comunidad busca mejorar la calidad de vida y contribuir en la econom\u00eda familiar de vecinos del distrito XVII, asegur\u00f3 el diputado local Pablo Peralta. <\/p>\n","protected":false},"author":3,"featured_media":304232,"comment_status":"open","ping_status":"open","sticky":false,"template":"","format":"standard","meta":{"_monsterinsights_skip_tracking":false,"_monsterinsights_sitenote_active":false,"_monsterinsights_sitenote_note":"","_monsterinsights_sitenote_category":0,"footnotes":""},"categories":[35155],"tags":[18678,43675,1097,53737],"class_list":["post-304133","post","type-post","status-publish","format-standard","has-post-thumbnail","hentry","category-estado-de-mexico-estado-de-mexico","tag-apoyos","tag-estado-de-mexico","tag-huixquilucan","tag-pablo-peralta-garcia"],"_links":{"self":[{"href":"https:\/\/www.diarioimagen.net\/index.php?rest_route=\/wp\/v2\/posts\/304133","targetHints":{"allow":["GET"]}}],"collection":[{"href":"https:\/\/www.diarioimagen.net\/index.php?rest_route=\/wp\/v2\/posts"}],"about":[{"href":"https:\/\/www.diarioimagen.net\/index.php?rest_route=\/wp\/v2\/types\/post"}],"author":[{"embeddable":true,"href":"https:\/\/www.diarioimagen.net\/index.php?rest_route=\/wp\/v2\/users\/3"}],"replies":[{"embeddable":true,"href":"https:\/\/www.diarioimagen.net\/index.php?rest_route=%2Fwp%2Fv2%2Fcomments&post=304133"}],"version-history":[{"count":0,"href":"https:\/\/www.diarioimagen.net\/index.php?rest_route=\/wp\/v2\/posts\/304133\/revisions"}],"wp:featuredmedia":[{"embeddable":true,"href":"https:\/\/www.diarioimagen.net\/index.php?rest_route=\/wp\/v2\/media\/304232"}],"wp:attachment":[{"href":"https:\/\/www.diarioimagen.net\/index.php?rest_route=%2Fwp%2Fv2%2Fmedia&parent=304133"}],"wp:term":[{"taxonomy":"category","embeddable":true,"href":"https:\/\/www.diarioimagen.net\/index.php?rest_route=%2Fwp%2Fv2%2Fcategories&post=304133"},{"taxonomy":"post_tag","embeddable":true,"href":"https:\/\/www.diarioimagen.net\/index.php?rest_route=%2Fwp%2Fv2%2Ftags&post=304133"}],"curies":[{"name":"wp","href":"https:\/\/api.w.org\/{rel}","templated":true}]}}