{"id":304135,"date":"2016-12-20T00:04:49","date_gmt":"2016-12-20T06:04:49","guid":{"rendered":"http:\/\/www.diarioimagen.net\/?p=304135"},"modified":"2016-12-20T05:22:37","modified_gmt":"2016-12-20T11:22:37","slug":"imcufidet-lleva-a-cabo-la-primera-expo-fitness-2016","status":"publish","type":"post","link":"https:\/\/www.diarioimagen.net\/?p=304135","title":{"rendered":"IMCUFIDET lleva a cabo la primera \u201cExpo fitness 2016\u201d"},"content":{"rendered":"<p><a href=\"http:\/\/www.diarioimagen.net\/?attachment_id=304235\" rel=\"attachment wp-att-304235\"><img loading=\"lazy\" decoding=\"async\" class=\"aligncenter size-large wp-image-304235\" src=\"http:\/\/www.diarioimagen.net\/wp-content\/uploads\/2016\/12\/TULTITLAN-3022-460x259.jpg\" alt=\"\" width=\"460\" height=\"259\" srcset=\"https:\/\/www.diarioimagen.net\/wp-content\/uploads\/2016\/12\/TULTITLAN-3022-460x259.jpg 460w, https:\/\/www.diarioimagen.net\/wp-content\/uploads\/2016\/12\/TULTITLAN-3022-240x135.jpg 240w, https:\/\/www.diarioimagen.net\/wp-content\/uploads\/2016\/12\/TULTITLAN-3022-235x132.jpg 235w, https:\/\/www.diarioimagen.net\/wp-content\/uploads\/2016\/12\/TULTITLAN-3022-202x114.jpg 202w, https:\/\/www.diarioimagen.net\/wp-content\/uploads\/2016\/12\/TULTITLAN-3022-350x196.jpg 350w, https:\/\/www.diarioimagen.net\/wp-content\/uploads\/2016\/12\/TULTITLAN-3022-220x123.jpg 220w, https:\/\/www.diarioimagen.net\/wp-content\/uploads\/2016\/12\/TULTITLAN-3022-237x132.jpg 237w, https:\/\/www.diarioimagen.net\/wp-content\/uploads\/2016\/12\/TULTITLAN-3022.jpg 480w\" sizes=\"auto, (max-width: 460px) 100vw, 460px\" \/><\/a><\/p>\n<p>&nbsp;<\/p>\n<p><strong>Tultitl\u00e1n, Estado de M\u00e9xico.- <\/strong>Con la finalidad de fomentar la actividad f\u00edsica y la cultura del deporte en los tultitlenses, el gobierno que encabeza el maestro en administraci\u00f3n p\u00fablica Jorge Ad\u00e1n Barr\u00f3n Elizalde, en colaboraci\u00f3n con el Instituto Municipal de Cultura F\u00edsica y Deporte de Tultitl\u00e1n (IMCUFIDET) llev\u00f3 a cabo la\u00a0 primera \u201cExpo fitness 2016\u201d y el \u201cTorneo de Pavo\u201d.<\/p>\n<p>Con sede en el deportivo Tultitl\u00e1n m\u00e1s de 400 personas se congregaron a este sitio conocer las nuevas tendencias en deporte, la salud, la nutrici\u00f3n, el bienestar y la est\u00e9tica.<\/p>\n","protected":false},"excerpt":{"rendered":"<p>Con la finalidad de fomentar la actividad f\u00edsica y la cultura del deporte en los tultitlenses, el gobierno que encabeza el maestro en administraci\u00f3n p\u00fablica Jorge Ad\u00e1n Barr\u00f3n Elizalde, en colaboraci\u00f3n con el Instituto Municipal de Cultura F\u00edsica y Deporte de Tultitl\u00e1n (IMCUFIDET) llev\u00f3 a cabo la  primera \u201cExpo fitness 2016\u201d y el \u201cTorneo de Pavo\u201d.<\/p>\n","protected":false},"author":3,"featured_media":304235,"comment_status":"open","ping_status":"open","sticky":false,"template":"","format":"standard","meta":{"_monsterinsights_skip_tracking":false,"_monsterinsights_sitenote_active":false,"_monsterinsights_sitenote_note":"","_monsterinsights_sitenote_category":0,"footnotes":""},"categories":[35155],"tags":[43675,578],"class_list":["post-304135","post","type-post","status-publish","format-standard","has-post-thumbnail","hentry","category-estado-de-mexico-estado-de-mexico","tag-estado-de-mexico","tag-tultitlan"],"_links":{"self":[{"href":"https:\/\/www.diarioimagen.net\/index.php?rest_route=\/wp\/v2\/posts\/304135","targetHints":{"allow":["GET"]}}],"collection":[{"href":"https:\/\/www.diarioimagen.net\/index.php?rest_route=\/wp\/v2\/posts"}],"about":[{"href":"https:\/\/www.diarioimagen.net\/index.php?rest_route=\/wp\/v2\/types\/post"}],"author":[{"embeddable":true,"href":"https:\/\/www.diarioimagen.net\/index.php?rest_route=\/wp\/v2\/users\/3"}],"replies":[{"embeddable":true,"href":"https:\/\/www.diarioimagen.net\/index.php?rest_route=%2Fwp%2Fv2%2Fcomments&post=304135"}],"version-history":[{"count":0,"href":"https:\/\/www.diarioimagen.net\/index.php?rest_route=\/wp\/v2\/posts\/304135\/revisions"}],"wp:featuredmedia":[{"embeddable":true,"href":"https:\/\/www.diarioimagen.net\/index.php?rest_route=\/wp\/v2\/media\/304235"}],"wp:attachment":[{"href":"https:\/\/www.diarioimagen.net\/index.php?rest_route=%2Fwp%2Fv2%2Fmedia&parent=304135"}],"wp:term":[{"taxonomy":"category","embeddable":true,"href":"https:\/\/www.diarioimagen.net\/index.php?rest_route=%2Fwp%2Fv2%2Fcategories&post=304135"},{"taxonomy":"post_tag","embeddable":true,"href":"https:\/\/www.diarioimagen.net\/index.php?rest_route=%2Fwp%2Fv2%2Ftags&post=304135"}],"curies":[{"name":"wp","href":"https:\/\/api.w.org\/{rel}","templated":true}]}}