{"id":304141,"date":"2016-12-20T00:02:45","date_gmt":"2016-12-20T06:02:45","guid":{"rendered":"http:\/\/www.diarioimagen.net\/?p=304141"},"modified":"2016-12-20T05:35:14","modified_gmt":"2016-12-20T11:35:14","slug":"contara-uaem-con-plantel-en-almoloya-de-alquisiras","status":"publish","type":"post","link":"https:\/\/www.diarioimagen.net\/?p=304141","title":{"rendered":"Contar\u00e1 UAEM con plantel en Almoloya de Alquisiras"},"content":{"rendered":"<ul>\n<li><strong><em>De escuela preparatoria<\/em><\/strong><\/li>\n<\/ul>\n<p>&nbsp;<\/p>\n<div id=\"attachment_304244\" style=\"width: 470px\" class=\"wp-caption aligncenter\"><a href=\"http:\/\/www.diarioimagen.net\/?attachment_id=304244\" rel=\"attachment wp-att-304244\"><img loading=\"lazy\" decoding=\"async\" aria-describedby=\"caption-attachment-304244\" class=\"size-large wp-image-304244\" src=\"http:\/\/www.diarioimagen.net\/wp-content\/uploads\/2016\/12\/UAEM-3022-460x259.jpg\" alt=\"\" width=\"460\" height=\"259\" srcset=\"https:\/\/www.diarioimagen.net\/wp-content\/uploads\/2016\/12\/UAEM-3022-460x259.jpg 460w, https:\/\/www.diarioimagen.net\/wp-content\/uploads\/2016\/12\/UAEM-3022-240x135.jpg 240w, https:\/\/www.diarioimagen.net\/wp-content\/uploads\/2016\/12\/UAEM-3022-235x132.jpg 235w, https:\/\/www.diarioimagen.net\/wp-content\/uploads\/2016\/12\/UAEM-3022-202x114.jpg 202w, https:\/\/www.diarioimagen.net\/wp-content\/uploads\/2016\/12\/UAEM-3022-350x196.jpg 350w, https:\/\/www.diarioimagen.net\/wp-content\/uploads\/2016\/12\/UAEM-3022-220x123.jpg 220w, https:\/\/www.diarioimagen.net\/wp-content\/uploads\/2016\/12\/UAEM-3022-237x132.jpg 237w, https:\/\/www.diarioimagen.net\/wp-content\/uploads\/2016\/12\/UAEM-3022.jpg 480w\" sizes=\"auto, (max-width: 460px) 100vw, 460px\" \/><\/a><p id=\"caption-attachment-304244\" class=\"wp-caption-text\">El rector Jorge Olvera Garc\u00eda se\u00f1al\u00f3 que mediante la apertura de nuevos espacios se consolida la presencia de la instituci\u00f3n en el interior de la entidad, pero tambi\u00e9n se responde a las exigencias de los j\u00f3venes mexiquenses en cuanto a contar con espacios educativos en sus localidades.<\/p><\/div>\n<p>&nbsp;<\/p>\n<p>Como resultado de las favorables gestiones realizadas por la Administraci\u00f3n 2013-2017 para contar con un mayor presupuesto, el siguiente a\u00f1o la Universidad Aut\u00f3noma del Estado de M\u00e9xico abrir\u00e1 un nuevo plantel de su Escuela Preparatoria en el municipio de Almoloya de Alquisiras, el n\u00famero 10 de la instituci\u00f3n, y la Unidad Acad\u00e9mica Profesional Tlalnepantla, anunci\u00f3 el rector Jorge Olvera Garc\u00eda.<\/p>\n<p>Al encabezar el Primer Informe Anual de Actividades de la directora del Plantel \u201cDr. \u00c1ngel Ma. Garibay K.\u201d de la Escuela Preparatoria, Georgina de Jes\u00fas Gonz\u00e1lez Garc\u00eda, el rector se\u00f1al\u00f3 que mediante la apertura de nuevos espacios se consolida la presencia de la instituci\u00f3n en el interior de la entidad, pero tambi\u00e9n se responde a las exigencias de los j\u00f3venes mexiquenses en cuanto a contar con espacios educativos en sus localidades.<\/p>\n<p>Luego de entregar una computadora tiflot\u00e9cnica e impresora a la alumna Edna Soto Aguilar, enfatiz\u00f3 que el binomio indisoluble conformado por calidad y cobertura debe ser fundamental en toda instituci\u00f3n que se precie de ser pertinente socialmente.<\/p>\n<p>Por otra parte, destac\u00f3 que en la medida que la cultura y el deporte sean obligatorios, al igual que el tamiz disciplinario, se cerrar\u00e1 un c\u00edrculo virtuoso, como lo prueban los resultados obtenidos por la instituci\u00f3n luego de declarar el deporte como derecho universitario: Potros UAEM FC juega en la Liga de Ascenso MX, una medalla de plata en R\u00edo de Janeiro, la creaci\u00f3n del primer equipo de b\u00e1dminton de la instituci\u00f3n y Potros Salvajes, ubicado entre los cuatro mejores a nivel nacional.<\/p>\n<p>Jorge Olvera Garc\u00eda consider\u00f3 que el ensamble en la formaci\u00f3n entre la ciencia, el deporte y la cultura es el ideal en las universidades, con la finalidad de aportar soluciones verdaderas en beneficio de la sociedad y ser el ant\u00eddoto para problem\u00e1ticas como la inseguridad y la delincuencia.<\/p>\n<p>&nbsp;<\/p>\n","protected":false},"excerpt":{"rendered":"<p>Como resultado de las favorables gestiones realizadas por la Administraci\u00f3n 2013-2017 para contar con un mayor presupuesto, el siguiente a\u00f1o la Universidad Aut\u00f3noma del Estado de M\u00e9xico abrir\u00e1 un nuevo plantel de su Escuela Preparatoria en el municipio de Almoloya de Alquisiras, el n\u00famero 10 de la instituci\u00f3n, y la Unidad Acad\u00e9mica Profesional Tlalnepantla, anunci\u00f3 el rector Jorge Olvera Garc\u00eda.<\/p>\n","protected":false},"author":3,"featured_media":304244,"comment_status":"open","ping_status":"open","sticky":false,"template":"","format":"standard","meta":{"_monsterinsights_skip_tracking":false,"_monsterinsights_sitenote_active":false,"_monsterinsights_sitenote_note":"","_monsterinsights_sitenote_category":0,"footnotes":""},"categories":[35155],"tags":[43675,50152,1491],"class_list":["post-304141","post","type-post","status-publish","format-standard","has-post-thumbnail","hentry","category-estado-de-mexico-estado-de-mexico","tag-estado-de-mexico","tag-plantel","tag-uaem"],"_links":{"self":[{"href":"https:\/\/www.diarioimagen.net\/index.php?rest_route=\/wp\/v2\/posts\/304141","targetHints":{"allow":["GET"]}}],"collection":[{"href":"https:\/\/www.diarioimagen.net\/index.php?rest_route=\/wp\/v2\/posts"}],"about":[{"href":"https:\/\/www.diarioimagen.net\/index.php?rest_route=\/wp\/v2\/types\/post"}],"author":[{"embeddable":true,"href":"https:\/\/www.diarioimagen.net\/index.php?rest_route=\/wp\/v2\/users\/3"}],"replies":[{"embeddable":true,"href":"https:\/\/www.diarioimagen.net\/index.php?rest_route=%2Fwp%2Fv2%2Fcomments&post=304141"}],"version-history":[{"count":0,"href":"https:\/\/www.diarioimagen.net\/index.php?rest_route=\/wp\/v2\/posts\/304141\/revisions"}],"wp:featuredmedia":[{"embeddable":true,"href":"https:\/\/www.diarioimagen.net\/index.php?rest_route=\/wp\/v2\/media\/304244"}],"wp:attachment":[{"href":"https:\/\/www.diarioimagen.net\/index.php?rest_route=%2Fwp%2Fv2%2Fmedia&parent=304141"}],"wp:term":[{"taxonomy":"category","embeddable":true,"href":"https:\/\/www.diarioimagen.net\/index.php?rest_route=%2Fwp%2Fv2%2Fcategories&post=304141"},{"taxonomy":"post_tag","embeddable":true,"href":"https:\/\/www.diarioimagen.net\/index.php?rest_route=%2Fwp%2Fv2%2Ftags&post=304141"}],"curies":[{"name":"wp","href":"https:\/\/api.w.org\/{rel}","templated":true}]}}