{"id":304320,"date":"2016-12-21T00:05:00","date_gmt":"2016-12-21T06:05:00","guid":{"rendered":"http:\/\/www.diarioimagen.net\/?p=304320"},"modified":"2016-12-21T00:33:08","modified_gmt":"2016-12-21T06:33:08","slug":"vomito-cuando-me-miro-al-espejo-arnold-schwarzenegger","status":"publish","type":"post","link":"https:\/\/www.diarioimagen.net\/?p=304320","title":{"rendered":"Vomito cuando me miro al espejo: Arnold Schwarzenegger"},"content":{"rendered":"<ul>\n<li><em><strong>\u00c9stas han sido las palabras del actor de 69 a\u00f1os, al referirse a su aspecto f\u00edsico durante una entrevista para una revista estadounidense<\/strong><\/em><\/li>\n<\/ul>\n<p>&nbsp;<\/p>\n<div id=\"attachment_304321\" style=\"width: 470px\" class=\"wp-caption aligncenter\"><a href=\"http:\/\/www.diarioimagen.net\/?attachment_id=304321\" rel=\"attachment wp-att-304321\"><img loading=\"lazy\" decoding=\"async\" aria-describedby=\"caption-attachment-304321\" class=\"size-large wp-image-304321\" src=\"http:\/\/www.diarioimagen.net\/wp-content\/uploads\/2016\/12\/DOS-PPORTAL-460x268.jpg\" alt=\"\" width=\"460\" height=\"268\" srcset=\"https:\/\/www.diarioimagen.net\/wp-content\/uploads\/2016\/12\/DOS-PPORTAL-460x268.jpg 460w, https:\/\/www.diarioimagen.net\/wp-content\/uploads\/2016\/12\/DOS-PPORTAL-240x140.jpg 240w, https:\/\/www.diarioimagen.net\/wp-content\/uploads\/2016\/12\/DOS-PPORTAL.jpg 480w\" sizes=\"auto, (max-width: 460px) 100vw, 460px\" \/><\/a><p id=\"caption-attachment-304321\" class=\"wp-caption-text\">El actor austr\u00edaco Arnold Schwarzenegger admite que no se encuentra conformoe con su cuerpo.<\/p><\/div>\n<p>&nbsp;<\/p>\n<p>Los a\u00f1os pasan para todos. Tambi\u00e9n para Arnold Schwarzenegger, que ha admitido en la revista <em>Cigar Aficionado<\/em> que no se encuentra conforme con su cuerpo, tal y como recoge el medio <em>NY Daily News<\/em>.<\/p>\n<p>\u201cCuando me miro en el espejo, vomito\u201d, sentencia el actor de 69 a\u00f1os en la entrevista.<\/p>\n<p>No obstante, el problema viene de atr\u00e1s. Incluso cuando el ex gobernador de California era joven y se encontraba en sus mejores a\u00f1os se conced\u00eda ser cr\u00edtico con su aspecto. \u201cMe miraba en el espejo despu\u00e9s de ganar el Mr. Olympia una vez tras otra, y pensaba: \u2018\u00bfC\u00f3mo ha ganado este mont\u00f3n de mierda?\u2019 Nunca v\u00ed perfecci\u00f3n\u201d, explica.<\/p>\n<p>En otro momento cont\u00f3 que no se siente viejo, ni identificado con su edad, pues sigue haciendo lo que hac\u00eda hace 20 a\u00f1os y eso es gracias a la estricta dieta que manejaba desde joven.<\/p>\n<p>\u201cViv\u00eda inmerso en un programa de entrenamiento, de alimentaci\u00f3n y de competici\u00f3n. Siempre fui el mejor haciendo esos programas. Sab\u00eda que tan pronto como lo dejara, lo \u00fanico que no quer\u00eda era decepcionarme a m\u00ed mismo. Sab\u00eda que no quer\u00eda mirarme al espejo y decir que era un perdedor. No quer\u00eda enfrentarme a eso\u201d, agreg\u00f3 Arnold Schwarzenegger.<\/p>\n","protected":false},"excerpt":{"rendered":"<p>Los a\u00f1os pasan para todos. Tambi\u00e9n para Arnold Schwarzenegger, que ha admitido en la revista Cigar Aficionado que no se encuentra conforme con su cuerpo, tal y como recoge el medio NY Daily News.<\/p>\n","protected":false},"author":5,"featured_media":304321,"comment_status":"open","ping_status":"open","sticky":false,"template":"","format":"standard","meta":{"_monsterinsights_skip_tracking":false,"_monsterinsights_sitenote_active":false,"_monsterinsights_sitenote_note":"","_monsterinsights_sitenote_category":0,"footnotes":""},"categories":[12],"tags":[43682,53330],"class_list":["post-304320","post","type-post","status-publish","format-standard","has-post-thumbnail","hentry","category-espectaculos","tag-espectaculos","tag-vomito"],"_links":{"self":[{"href":"https:\/\/www.diarioimagen.net\/index.php?rest_route=\/wp\/v2\/posts\/304320","targetHints":{"allow":["GET"]}}],"collection":[{"href":"https:\/\/www.diarioimagen.net\/index.php?rest_route=\/wp\/v2\/posts"}],"about":[{"href":"https:\/\/www.diarioimagen.net\/index.php?rest_route=\/wp\/v2\/types\/post"}],"author":[{"embeddable":true,"href":"https:\/\/www.diarioimagen.net\/index.php?rest_route=\/wp\/v2\/users\/5"}],"replies":[{"embeddable":true,"href":"https:\/\/www.diarioimagen.net\/index.php?rest_route=%2Fwp%2Fv2%2Fcomments&post=304320"}],"version-history":[{"count":0,"href":"https:\/\/www.diarioimagen.net\/index.php?rest_route=\/wp\/v2\/posts\/304320\/revisions"}],"wp:featuredmedia":[{"embeddable":true,"href":"https:\/\/www.diarioimagen.net\/index.php?rest_route=\/wp\/v2\/media\/304321"}],"wp:attachment":[{"href":"https:\/\/www.diarioimagen.net\/index.php?rest_route=%2Fwp%2Fv2%2Fmedia&parent=304320"}],"wp:term":[{"taxonomy":"category","embeddable":true,"href":"https:\/\/www.diarioimagen.net\/index.php?rest_route=%2Fwp%2Fv2%2Fcategories&post=304320"},{"taxonomy":"post_tag","embeddable":true,"href":"https:\/\/www.diarioimagen.net\/index.php?rest_route=%2Fwp%2Fv2%2Ftags&post=304320"}],"curies":[{"name":"wp","href":"https:\/\/api.w.org\/{rel}","templated":true}]}}