{"id":304326,"date":"2016-12-21T00:09:21","date_gmt":"2016-12-21T06:09:21","guid":{"rendered":"http:\/\/www.diarioimagen.net\/?p=304326"},"modified":"2016-12-21T04:07:35","modified_gmt":"2016-12-21T10:07:35","slug":"coordinan-esfuerzos-para-dar-mayor-seguridad","status":"publish","type":"post","link":"https:\/\/www.diarioimagen.net\/?p=304326","title":{"rendered":"Coordinan esfuerzos para dar mayor seguridad"},"content":{"rendered":"<h2>Arco Norte<\/h2>\n<h5>Jos\u00e9 Luis Monta\u00f1ez Aguilar<\/h5>\n<p>&nbsp;<\/p>\n<p><a href=\"http:\/\/www.diarioimagen.net\/?attachment_id=304425\" rel=\"attachment wp-att-304425\"><img loading=\"lazy\" decoding=\"async\" class=\"aligncenter size-large wp-image-304425\" src=\"http:\/\/www.diarioimagen.net\/wp-content\/uploads\/2016\/12\/arco-3023-460x259.jpg\" alt=\"\" width=\"460\" height=\"259\" srcset=\"https:\/\/www.diarioimagen.net\/wp-content\/uploads\/2016\/12\/arco-3023-460x259.jpg 460w, https:\/\/www.diarioimagen.net\/wp-content\/uploads\/2016\/12\/arco-3023-240x135.jpg 240w, https:\/\/www.diarioimagen.net\/wp-content\/uploads\/2016\/12\/arco-3023-235x132.jpg 235w, https:\/\/www.diarioimagen.net\/wp-content\/uploads\/2016\/12\/arco-3023-202x114.jpg 202w, https:\/\/www.diarioimagen.net\/wp-content\/uploads\/2016\/12\/arco-3023-350x196.jpg 350w, https:\/\/www.diarioimagen.net\/wp-content\/uploads\/2016\/12\/arco-3023-220x123.jpg 220w, https:\/\/www.diarioimagen.net\/wp-content\/uploads\/2016\/12\/arco-3023-237x132.jpg 237w, https:\/\/www.diarioimagen.net\/wp-content\/uploads\/2016\/12\/arco-3023.jpg 480w\" sizes=\"auto, (max-width: 460px) 100vw, 460px\" \/><\/a><\/p>\n<p>&nbsp;<\/p>\n<p>El gobernador Eruviel \u00c1vila propuso ante los integrantes del Consejo Nacional de Seguridad P\u00fablica, elaborar una norma t\u00e9cnica que establezca los requerimientos t\u00e9cnicos para estandarizar los centros de control o mando, c\u00f3mputo y comunicaciones, conocidos como C4 o C5, para tener mayor coordinaci\u00f3n en el combate a la delincuencia y brindar m\u00e1s seguridad a la gente.<\/p>\n<p>Lo anterior durante los trabajos de la XLI sesi\u00f3n del Consejo, donde participaron gobernadores e integrantes del gabinete federal de seguridad, as\u00ed como representantes de la sociedad civil. Ah\u00ed, Eruviel \u00c1vila mencion\u00f3 que los C4 o C5 son un punto neur\u00e1lgico que permite a las autoridades aplicar la inteligencia, articular esfuerzos y privilegiar la coordinaci\u00f3n de las distintas fuerzas de seguridad, pero han sido creados con el esfuerzo particular de diferentes entidades y municipios, con criterios diferentes y sin est\u00e1ndares t\u00e9cnicos homologados.<\/p>\n<p>Por ello, dijo que se tienen retos como la carencia de criterios equiparables sobre infraestructura, funciones, sistemas y procesos; adem\u00e1s del dise\u00f1o y operaci\u00f3n aislada de los mismos, lo que afecta el intercambio seguro de informaci\u00f3n. Tambi\u00e9n Eruviel \u00c1vila agradeci\u00f3 al gabinete de seguridad el apoyo que ha brindado a los estados de la Rep\u00fablica, para tener una mejor estabilidad en las entidades federativas.<\/p>\n<p style=\"text-align: center;\"><strong>Garantizan autoridades electorales y GEM proceso ejemplar para 2017<\/strong><\/p>\n<p>Para garantizar el respeto irrestricto a la ley y en virtud de que el 4 de junio de 2017\u00a0 los mexiquenses elegir\u00e1n al pr\u00f3ximo gobernador de la entidad para el periodo 2017-2023, el Instituto Electoral del Estado de M\u00e9xico (IEEM), el Instituto Nacional Electoral (INE) y la Secretar\u00eda de Educaci\u00f3n del gobierno estatal, firmaron un acuerdo que permitir\u00e1 a dichos organismos instalar poco m\u00e1s de 7 mil casillas en al menos 3 mil 747 escuelas del territorio mexiquense, para que los ciudadanos acudan a ejercer sus derecho al voto.<\/p>\n<p>Al atestiguar dicha firma, el secretario General de Gobierno, Jos\u00e9 Manzur Quiroga, se\u00f1al\u00f3 que desde el pasado mes de septiembre se iniciaron formalmente los trabajos para organizar los comicios de junio de 2017, por lo que el Gobierno del Estado de M\u00e9xico con responsabilidad y respeto se suma a la voluntad de garantizar el ejercicio de los derechos pol\u00edtico-electorales de los mexiquenses.<\/p>\n<p><em><a href=\"mailto:montanezaguilar@gmail.com\" target=\"_blank\">montanezaguilar@gmail.com<\/a><\/em><\/p>\n","protected":false},"excerpt":{"rendered":"<p><span style=\"color: #005497;\">Jos\u00e9 Luis Monta\u00f1ez Aguilar<\/span><br \/>\n<br \/>\nEl gobernador Eruviel \u00c1vila propuso ante los integrantes del Consejo Nacional de Seguridad P\u00fablica, elaborar una norma t\u00e9cnica que establezca los requerimientos t\u00e9cnicos para estandarizar los centros de control o mando, c\u00f3mputo y comunicaciones, conocidos como C4 o C5, para tener mayor coordinaci\u00f3n en el combate a la delincuencia y brindar m\u00e1s seguridad a la gente.<\/p>\n","protected":false},"author":3,"featured_media":304425,"comment_status":"open","ping_status":"open","sticky":false,"template":"","format":"standard","meta":{"_monsterinsights_skip_tracking":false,"_monsterinsights_sitenote_active":false,"_monsterinsights_sitenote_note":"","_monsterinsights_sitenote_category":0,"footnotes":""},"categories":[5],"tags":[13284,43704,43674],"class_list":["post-304326","post","type-post","status-publish","format-standard","has-post-thumbnail","hentry","category-estado-de-mexico","tag-arco-norte","tag-jose-luis-montanez-aguilar","tag-opinion"],"_links":{"self":[{"href":"https:\/\/www.diarioimagen.net\/index.php?rest_route=\/wp\/v2\/posts\/304326","targetHints":{"allow":["GET"]}}],"collection":[{"href":"https:\/\/www.diarioimagen.net\/index.php?rest_route=\/wp\/v2\/posts"}],"about":[{"href":"https:\/\/www.diarioimagen.net\/index.php?rest_route=\/wp\/v2\/types\/post"}],"author":[{"embeddable":true,"href":"https:\/\/www.diarioimagen.net\/index.php?rest_route=\/wp\/v2\/users\/3"}],"replies":[{"embeddable":true,"href":"https:\/\/www.diarioimagen.net\/index.php?rest_route=%2Fwp%2Fv2%2Fcomments&post=304326"}],"version-history":[{"count":0,"href":"https:\/\/www.diarioimagen.net\/index.php?rest_route=\/wp\/v2\/posts\/304326\/revisions"}],"wp:featuredmedia":[{"embeddable":true,"href":"https:\/\/www.diarioimagen.net\/index.php?rest_route=\/wp\/v2\/media\/304425"}],"wp:attachment":[{"href":"https:\/\/www.diarioimagen.net\/index.php?rest_route=%2Fwp%2Fv2%2Fmedia&parent=304326"}],"wp:term":[{"taxonomy":"category","embeddable":true,"href":"https:\/\/www.diarioimagen.net\/index.php?rest_route=%2Fwp%2Fv2%2Fcategories&post=304326"},{"taxonomy":"post_tag","embeddable":true,"href":"https:\/\/www.diarioimagen.net\/index.php?rest_route=%2Fwp%2Fv2%2Ftags&post=304326"}],"curies":[{"name":"wp","href":"https:\/\/api.w.org\/{rel}","templated":true}]}}