{"id":304546,"date":"2016-12-22T00:06:33","date_gmt":"2016-12-22T06:06:33","guid":{"rendered":"http:\/\/www.diarioimagen.net\/?p=304546"},"modified":"2016-12-22T03:24:35","modified_gmt":"2016-12-22T09:24:35","slug":"mejoran-calidad-de-vida-de-sectores-vulnerables-en-tultitlan","status":"publish","type":"post","link":"https:\/\/www.diarioimagen.net\/?p=304546","title":{"rendered":"Mejoran calidad de vida de sectores vulnerables en Tultitl\u00e1n"},"content":{"rendered":"<ul>\n<li><strong><em>Compromiso del gobierno de Jorge Ad\u00e1n Barr\u00f3n<\/em><\/strong><\/li>\n<\/ul>\n<p>&nbsp;<\/p>\n<div id=\"attachment_304648\" style=\"width: 470px\" class=\"wp-caption aligncenter\"><a href=\"http:\/\/www.diarioimagen.net\/?attachment_id=304648\" rel=\"attachment wp-att-304648\"><img loading=\"lazy\" decoding=\"async\" aria-describedby=\"caption-attachment-304648\" class=\"size-large wp-image-304648\" src=\"http:\/\/www.diarioimagen.net\/wp-content\/uploads\/2016\/12\/TULTITLAN-3024-460x259.jpg\" alt=\"\" width=\"460\" height=\"259\" srcset=\"https:\/\/www.diarioimagen.net\/wp-content\/uploads\/2016\/12\/TULTITLAN-3024-460x259.jpg 460w, https:\/\/www.diarioimagen.net\/wp-content\/uploads\/2016\/12\/TULTITLAN-3024-240x135.jpg 240w, https:\/\/www.diarioimagen.net\/wp-content\/uploads\/2016\/12\/TULTITLAN-3024-235x132.jpg 235w, https:\/\/www.diarioimagen.net\/wp-content\/uploads\/2016\/12\/TULTITLAN-3024-202x114.jpg 202w, https:\/\/www.diarioimagen.net\/wp-content\/uploads\/2016\/12\/TULTITLAN-3024-350x196.jpg 350w, https:\/\/www.diarioimagen.net\/wp-content\/uploads\/2016\/12\/TULTITLAN-3024-220x123.jpg 220w, https:\/\/www.diarioimagen.net\/wp-content\/uploads\/2016\/12\/TULTITLAN-3024-237x132.jpg 237w, https:\/\/www.diarioimagen.net\/wp-content\/uploads\/2016\/12\/TULTITLAN-3024.jpg 480w\" sizes=\"auto, (max-width: 460px) 100vw, 460px\" \/><\/a><p id=\"caption-attachment-304648\" class=\"wp-caption-text\">El DIF municipal hizo entrega de aparatos funcionales y despensas a\u00a0 personas vulnerables.<\/p><\/div>\n<p>&nbsp;<\/p>\n<p><strong>Tultitl\u00e1n, Estado de M\u00e9xico<\/strong>.- Con el firme compromiso de mejorar la calidad de vida de miles de familias tultitlenses, el gobierno municipal que encabeza Jorge Ad\u00e1n Barr\u00f3n Elizalde, en coordinaci\u00f3n con el Sistema Municipal para el Desarrollo Integral de la Familia (DIF), hizo entrega de aparatos funcionales y despensas a\u00a0 personas vulnerables.<\/p>\n<p>Al hacer entrega de\u00a0 cerca de 1,200 aparatos funcionales como silla de ruedas, bastones, muletas, aparatos ortop\u00e9dicos,\u00a0 lentes, as\u00ed como consultas en unidades de rehabilitaci\u00f3n al p\u00fablico general, la titular de Sistema Municipal DIF, Karen S\u00e1mano, en representaci\u00f3n del alcalde Jorge Ad\u00e1n Barr\u00f3n Elizalde, destac\u00f3 la importancia que representa la entrega de dichos aparatos los cuales dijo contribuir\u00e1n a mejorar de manera considerable la calidad de vida de los beneficiados.<\/p>\n<p>Al tiempo que afirm\u00f3 que la administraci\u00f3n 2016-2018 y el sistema a su cargo tienen la meta de poder certificar la atenci\u00f3n que se brinda \u00a0en las unidades de rehabilitaci\u00f3n con las que cuenta la demarcaci\u00f3n y abund\u00f3 que actualmente el sistema a su cargo brinda cursos y talleres de autoempleo a sectores vulnerables, con lo cual se contribuye a mejorar su calidad de vida.<\/p>\n<p>Tras la entrega de los aparatos y en nombre de los beneficiarios, Luisa Hern\u00e1ndez agradeci\u00f3 al gobierno municipal por las acciones que realizan a favor de los sectores m\u00e1s vulnerables \u201cestoy muy agradecida por haber adquirido mis lentes ya que no cuento con el recurso suficiente para poder comprarlos\u201d.<\/p>\n<p>&nbsp;<\/p>\n","protected":false},"excerpt":{"rendered":"<p>Con el firme compromiso de mejorar la calidad de vida de miles de familias tultitlenses, el gobierno municipal que encabeza Jorge Ad\u00e1n Barr\u00f3n Elizalde, en coordinaci\u00f3n con el Sistema Municipal para el Desarrollo Integral de la Familia (DIF), hizo entrega de aparatos funcionales y despensas a  personas vulnerables.<\/p>\n","protected":false},"author":3,"featured_media":304648,"comment_status":"open","ping_status":"open","sticky":false,"template":"","format":"standard","meta":{"_monsterinsights_skip_tracking":false,"_monsterinsights_sitenote_active":false,"_monsterinsights_sitenote_note":"","_monsterinsights_sitenote_category":0,"footnotes":""},"categories":[35155],"tags":[2954,43675,578,22417],"class_list":["post-304546","post","type-post","status-publish","format-standard","has-post-thumbnail","hentry","category-estado-de-mexico-estado-de-mexico","tag-dif","tag-estado-de-mexico","tag-tultitlan","tag-vulnerables"],"_links":{"self":[{"href":"https:\/\/www.diarioimagen.net\/index.php?rest_route=\/wp\/v2\/posts\/304546","targetHints":{"allow":["GET"]}}],"collection":[{"href":"https:\/\/www.diarioimagen.net\/index.php?rest_route=\/wp\/v2\/posts"}],"about":[{"href":"https:\/\/www.diarioimagen.net\/index.php?rest_route=\/wp\/v2\/types\/post"}],"author":[{"embeddable":true,"href":"https:\/\/www.diarioimagen.net\/index.php?rest_route=\/wp\/v2\/users\/3"}],"replies":[{"embeddable":true,"href":"https:\/\/www.diarioimagen.net\/index.php?rest_route=%2Fwp%2Fv2%2Fcomments&post=304546"}],"version-history":[{"count":0,"href":"https:\/\/www.diarioimagen.net\/index.php?rest_route=\/wp\/v2\/posts\/304546\/revisions"}],"wp:featuredmedia":[{"embeddable":true,"href":"https:\/\/www.diarioimagen.net\/index.php?rest_route=\/wp\/v2\/media\/304648"}],"wp:attachment":[{"href":"https:\/\/www.diarioimagen.net\/index.php?rest_route=%2Fwp%2Fv2%2Fmedia&parent=304546"}],"wp:term":[{"taxonomy":"category","embeddable":true,"href":"https:\/\/www.diarioimagen.net\/index.php?rest_route=%2Fwp%2Fv2%2Fcategories&post=304546"},{"taxonomy":"post_tag","embeddable":true,"href":"https:\/\/www.diarioimagen.net\/index.php?rest_route=%2Fwp%2Fv2%2Ftags&post=304546"}],"curies":[{"name":"wp","href":"https:\/\/api.w.org\/{rel}","templated":true}]}}