{"id":304552,"date":"2016-12-22T00:03:13","date_gmt":"2016-12-22T06:03:13","guid":{"rendered":"http:\/\/www.diarioimagen.net\/?p=304552"},"modified":"2016-12-22T03:37:47","modified_gmt":"2016-12-22T09:37:47","slug":"refuerzan-en-huixquilucan-el-operativo-invierno-2016","status":"publish","type":"post","link":"https:\/\/www.diarioimagen.net\/?p=304552","title":{"rendered":"Refuerzan en Huixquilucan el Operativo Invierno 2016"},"content":{"rendered":"<ul>\n<li><strong><em>Mayor seguridad a los habitantes<\/em><\/strong><\/li>\n<\/ul>\n<p>&nbsp;<\/p>\n<div id=\"attachment_304657\" style=\"width: 470px\" class=\"wp-caption aligncenter\"><a href=\"http:\/\/www.diarioimagen.net\/?attachment_id=304657\" rel=\"attachment wp-att-304657\"><img loading=\"lazy\" decoding=\"async\" aria-describedby=\"caption-attachment-304657\" class=\"size-large wp-image-304657\" src=\"http:\/\/www.diarioimagen.net\/wp-content\/uploads\/2016\/12\/HUIXQUILUCAN-3024-460x259.jpg\" alt=\"\" width=\"460\" height=\"259\" srcset=\"https:\/\/www.diarioimagen.net\/wp-content\/uploads\/2016\/12\/HUIXQUILUCAN-3024-460x259.jpg 460w, https:\/\/www.diarioimagen.net\/wp-content\/uploads\/2016\/12\/HUIXQUILUCAN-3024-240x135.jpg 240w, https:\/\/www.diarioimagen.net\/wp-content\/uploads\/2016\/12\/HUIXQUILUCAN-3024-235x132.jpg 235w, https:\/\/www.diarioimagen.net\/wp-content\/uploads\/2016\/12\/HUIXQUILUCAN-3024-202x114.jpg 202w, https:\/\/www.diarioimagen.net\/wp-content\/uploads\/2016\/12\/HUIXQUILUCAN-3024-350x196.jpg 350w, https:\/\/www.diarioimagen.net\/wp-content\/uploads\/2016\/12\/HUIXQUILUCAN-3024-220x123.jpg 220w, https:\/\/www.diarioimagen.net\/wp-content\/uploads\/2016\/12\/HUIXQUILUCAN-3024-237x132.jpg 237w, https:\/\/www.diarioimagen.net\/wp-content\/uploads\/2016\/12\/HUIXQUILUCAN-3024.jpg 480w\" sizes=\"auto, (max-width: 460px) 100vw, 460px\" \/><\/a><p id=\"caption-attachment-304657\" class=\"wp-caption-text\">Se intensific\u00f3 la vigilancia en las inmediaciones de centros comerciales, zonas de bancos, as\u00ed como fraccionamientos y colonias.<\/p><\/div>\n<p>&nbsp;<\/p>\n<p><strong>Huixquilucan, Estado de M\u00e9xico<\/strong>.- El Operativo Invierno 2016 contin\u00faa en esta ciudad, mismo que fue reforzado para brindar mayor seguridad a los habitantes, manifest\u00f3 el director de Seguridad P\u00fablica y Vialidad, Luis Antonio Alarc\u00f3n Mart\u00ednez, quien se\u00f1al\u00f3 que por instrucciones del presidente municipal, Enrique Vargas del Villar, se intensific\u00f3 la vigilancia y recorridos de los elementos en las inmediaciones de centros comerciales, zonas de bancos, as\u00ed como fraccionamientos y colonias de la localidad.<\/p>\n<p>Para la administraci\u00f3n municipal 2016-2018 la seguridad es un tema fundamental, es por eso que los elementos de Seguridad P\u00fablica, Tr\u00e1nsito y Vialidad realizan labores encaminadas a la vigilancia, fortaleciendo el operativo en esta temporada de fin de a\u00f1o.<\/p>\n<p>\u201cDurante la \u00e9poca navide\u00f1a se incrementa el n\u00famero de personas que acuden a las zonas comerciales a realizar sus compras, por lo que se mantendr\u00e1 presencia permanente y recorridos constantes\u201d, refiri\u00f3 Alarc\u00f3n Mart\u00ednez.<\/p>\n<p>Destac\u00f3 que esta estrategia de seguridad se suma a los operativos que se llevan a cabo de manera permanente en el municipio, como son\u00a0Huixquilucan Seguro; Pie Tierra; Presencia; BOM; Cord\u00f3n Vial; Pasajero Seguro y Cuentahabiente, entre otros\u00a0para prevenir delitos.<\/p>\n<p>Abund\u00f3 que el trabajo coordinado con la Polic\u00eda Estatal, Municipal y delegaciones circunvecinas, seguir\u00e1 para inhibir actos delictivos en las zonas lim\u00edtrofes. Coment\u00f3 que con el patrullaje permanente en Huixquilucan se brinda seguridad a los bienes inmuebles de los habitantes que salen de vacaciones y a quienes visitan las zonas comerciales\u00a0\u00a0en esta temporada.<\/p>\n<p>El director de Seguridad P\u00fablica en Huixquilucan, subray\u00f3 que el Operativo Invierno 2016 se implement\u00f3 a partir de la segunda semana de diciembre y se mantendr\u00e1 hasta la primera quincena de enero, como es la instrucci\u00f3n del alcalde Enrique Vargas del Villar.<\/p>\n<p>&nbsp;<\/p>\n","protected":false},"excerpt":{"rendered":"<p>El Operativo Invierno 2016 contin\u00faa en esta ciudad, mismo que fue reforzado para brindar mayor seguridad a los habitantes, manifest\u00f3 el director de Seguridad P\u00fablica y Vialidad, Luis Antonio Alarc\u00f3n Mart\u00ednez, quien se\u00f1al\u00f3 que por instrucciones del presidente municipal, Enrique Vargas del Villar, se intensific\u00f3 la vigilancia y recorridos de los elementos en las inmediaciones de centros comerciales, zonas de bancos, as\u00ed como fraccionamientos y colonias de la localidad.<\/p>\n","protected":false},"author":3,"featured_media":304657,"comment_status":"open","ping_status":"open","sticky":false,"template":"","format":"standard","meta":{"_monsterinsights_skip_tracking":false,"_monsterinsights_sitenote_active":false,"_monsterinsights_sitenote_note":"","_monsterinsights_sitenote_category":0,"footnotes":""},"categories":[35155],"tags":[43675,2095,1097],"class_list":["post-304552","post","type-post","status-publish","format-standard","has-post-thumbnail","hentry","category-estado-de-mexico-estado-de-mexico","tag-estado-de-mexico","tag-heladas","tag-huixquilucan"],"_links":{"self":[{"href":"https:\/\/www.diarioimagen.net\/index.php?rest_route=\/wp\/v2\/posts\/304552","targetHints":{"allow":["GET"]}}],"collection":[{"href":"https:\/\/www.diarioimagen.net\/index.php?rest_route=\/wp\/v2\/posts"}],"about":[{"href":"https:\/\/www.diarioimagen.net\/index.php?rest_route=\/wp\/v2\/types\/post"}],"author":[{"embeddable":true,"href":"https:\/\/www.diarioimagen.net\/index.php?rest_route=\/wp\/v2\/users\/3"}],"replies":[{"embeddable":true,"href":"https:\/\/www.diarioimagen.net\/index.php?rest_route=%2Fwp%2Fv2%2Fcomments&post=304552"}],"version-history":[{"count":0,"href":"https:\/\/www.diarioimagen.net\/index.php?rest_route=\/wp\/v2\/posts\/304552\/revisions"}],"wp:featuredmedia":[{"embeddable":true,"href":"https:\/\/www.diarioimagen.net\/index.php?rest_route=\/wp\/v2\/media\/304657"}],"wp:attachment":[{"href":"https:\/\/www.diarioimagen.net\/index.php?rest_route=%2Fwp%2Fv2%2Fmedia&parent=304552"}],"wp:term":[{"taxonomy":"category","embeddable":true,"href":"https:\/\/www.diarioimagen.net\/index.php?rest_route=%2Fwp%2Fv2%2Fcategories&post=304552"},{"taxonomy":"post_tag","embeddable":true,"href":"https:\/\/www.diarioimagen.net\/index.php?rest_route=%2Fwp%2Fv2%2Ftags&post=304552"}],"curies":[{"name":"wp","href":"https:\/\/api.w.org\/{rel}","templated":true}]}}