{"id":304554,"date":"2016-12-22T00:02:01","date_gmt":"2016-12-22T06:02:01","guid":{"rendered":"http:\/\/www.diarioimagen.net\/?p=304554"},"modified":"2016-12-22T05:24:18","modified_gmt":"2016-12-22T11:24:18","slug":"preparan-en-metepec-festejo-para-pequenos-y-llegada-de-reyes-magos","status":"publish","type":"post","link":"https:\/\/www.diarioimagen.net\/?p=304554","title":{"rendered":"Preparan en Metepec festejo para peque\u00f1os y llegada de Reyes Magos"},"content":{"rendered":"<ul>\n<li><strong><em>Alistan el evento \u201cSuelta de globos\u201d<\/em><\/strong><\/li>\n<\/ul>\n<p>&nbsp;<\/p>\n<p><a href=\"http:\/\/www.diarioimagen.net\/?attachment_id=304662\" rel=\"attachment wp-att-304662\"><img loading=\"lazy\" decoding=\"async\" class=\"aligncenter size-large wp-image-304662\" src=\"http:\/\/www.diarioimagen.net\/wp-content\/uploads\/2016\/12\/metepec-3024-460x259.jpg\" alt=\"\" width=\"460\" height=\"259\" srcset=\"https:\/\/www.diarioimagen.net\/wp-content\/uploads\/2016\/12\/metepec-3024-460x259.jpg 460w, https:\/\/www.diarioimagen.net\/wp-content\/uploads\/2016\/12\/metepec-3024-240x135.jpg 240w, https:\/\/www.diarioimagen.net\/wp-content\/uploads\/2016\/12\/metepec-3024-235x132.jpg 235w, https:\/\/www.diarioimagen.net\/wp-content\/uploads\/2016\/12\/metepec-3024-202x114.jpg 202w, https:\/\/www.diarioimagen.net\/wp-content\/uploads\/2016\/12\/metepec-3024-350x196.jpg 350w, https:\/\/www.diarioimagen.net\/wp-content\/uploads\/2016\/12\/metepec-3024-220x123.jpg 220w, https:\/\/www.diarioimagen.net\/wp-content\/uploads\/2016\/12\/metepec-3024-237x132.jpg 237w, https:\/\/www.diarioimagen.net\/wp-content\/uploads\/2016\/12\/metepec-3024.jpg 480w\" sizes=\"auto, (max-width: 460px) 100vw, 460px\" \/><\/a><\/p>\n<p>&nbsp;<\/p>\n<p><strong>Metepec, Estado de M\u00e9xico<\/strong>.- \u00a0El pr\u00f3ximo 5 de enero conmemorando el D\u00eda de Reyes, el gobierno municipal alista el evento \u201cSuelta de globos\u201d que se llevar\u00e1 a cabo en las Escalinatas del Calvario, a partir de las 15:00 horas.<\/p>\n<p>Los peque\u00f1os y sus familias podr\u00e1n disfrutar del m\u00f3dulo de elaboraci\u00f3n de cartas, para redactar la misiva a los visitantes de Oriente de la mejor manera. A las 16.00 horas para fomentar la imaginaci\u00f3n se presentar\u00e1 en escena un cuentacuentos que deleitar\u00e1 a los ni\u00f1os con un poco de narraci\u00f3n oral.<\/p>\n<p>All\u00ed, se presentar\u00e1 el Ballet de C\u00e1mara de Metepec, que deleitar\u00e1 a los asistentes con la maestr\u00eda de sus coreograf\u00edas; adem\u00e1s el \u201cGrillo Madrugador\u201d, Juan Manuel Corona, ofrecer\u00e1 un recital infantil para todos los peque\u00f1os.<\/p>\n<p>Los globos colorear\u00e1n el cielo metepequense a partir de las 18:30 horas, llevando las ilusiones y peticiones de los asistentes acompa\u00f1ados de un show de malabaristas y la partida de la rosca de Reyes.<\/p>\n<p>Esta tradici\u00f3n que se remonta al siglo XIV en Francia, comparte el ritual de que la primera rebanada era para aqu\u00e9l que fuera pobre o que llegara sin avisar al hogar. La siguiente era para los ausentes, es decir, los hombres que estaban en la armada del rey y eran enviados a la guerra. Finalmente se compart\u00eda entre el resto de los presentes.<\/p>\n<p>En M\u00e9xico la manera de partir la rosca es diferente, pues en el pan se esconden mu\u00f1equitos de pl\u00e1stico que simbolizan al Ni\u00f1o Dios y cada qui\u00e9n escoge al azar qu\u00e9 pedazo de rosca quiere, decidiendo as\u00ed su suerte y con ello los buenos deseos.<\/p>\n<p>A quienes les salen los mu\u00f1equitos, autom\u00e1ticamente se convierten en madrinas o padrinos del ni\u00f1o y deben llevarlo a bendecir a la iglesia y festejar el acontecimiento con tamales y atole el 2 de febrero,\u00a0D\u00eda de la Candelaria.<\/p>\n","protected":false},"excerpt":{"rendered":"<p>El pr\u00f3ximo 5 de enero conmemorando el D\u00eda de Reyes, el gobierno municipal alista el evento \u201cSuelta de globos\u201d que se llevar\u00e1 a cabo en las Escalinatas del Calvario, a partir de las 15:00 horas.<\/p>\n","protected":false},"author":3,"featured_media":304662,"comment_status":"open","ping_status":"open","sticky":false,"template":"","format":"standard","meta":{"_monsterinsights_skip_tracking":false,"_monsterinsights_sitenote_active":false,"_monsterinsights_sitenote_note":"","_monsterinsights_sitenote_category":0,"footnotes":""},"categories":[35155],"tags":[43675,876,328],"class_list":["post-304554","post","type-post","status-publish","format-standard","has-post-thumbnail","hentry","category-estado-de-mexico-estado-de-mexico","tag-estado-de-mexico","tag-metepec","tag-reyes-magos"],"_links":{"self":[{"href":"https:\/\/www.diarioimagen.net\/index.php?rest_route=\/wp\/v2\/posts\/304554","targetHints":{"allow":["GET"]}}],"collection":[{"href":"https:\/\/www.diarioimagen.net\/index.php?rest_route=\/wp\/v2\/posts"}],"about":[{"href":"https:\/\/www.diarioimagen.net\/index.php?rest_route=\/wp\/v2\/types\/post"}],"author":[{"embeddable":true,"href":"https:\/\/www.diarioimagen.net\/index.php?rest_route=\/wp\/v2\/users\/3"}],"replies":[{"embeddable":true,"href":"https:\/\/www.diarioimagen.net\/index.php?rest_route=%2Fwp%2Fv2%2Fcomments&post=304554"}],"version-history":[{"count":0,"href":"https:\/\/www.diarioimagen.net\/index.php?rest_route=\/wp\/v2\/posts\/304554\/revisions"}],"wp:featuredmedia":[{"embeddable":true,"href":"https:\/\/www.diarioimagen.net\/index.php?rest_route=\/wp\/v2\/media\/304662"}],"wp:attachment":[{"href":"https:\/\/www.diarioimagen.net\/index.php?rest_route=%2Fwp%2Fv2%2Fmedia&parent=304554"}],"wp:term":[{"taxonomy":"category","embeddable":true,"href":"https:\/\/www.diarioimagen.net\/index.php?rest_route=%2Fwp%2Fv2%2Fcategories&post=304554"},{"taxonomy":"post_tag","embeddable":true,"href":"https:\/\/www.diarioimagen.net\/index.php?rest_route=%2Fwp%2Fv2%2Ftags&post=304554"}],"curies":[{"name":"wp","href":"https:\/\/api.w.org\/{rel}","templated":true}]}}