{"id":304556,"date":"2016-12-22T00:03:34","date_gmt":"2016-12-22T06:03:34","guid":{"rendered":"http:\/\/www.diarioimagen.net\/?p=304556"},"modified":"2016-12-23T03:52:39","modified_gmt":"2016-12-23T09:52:39","slug":"procurar-salud-politica-de-estado-narro-robles","status":"publish","type":"post","link":"https:\/\/www.diarioimagen.net\/?p=304556","title":{"rendered":"Procurar salud, pol\u00edtica de Estado: Narro Robles"},"content":{"rendered":"<ul>\n<li><strong><em>Disminuy\u00f3 en 6% la mortalidad infantil<\/em><\/strong><\/li>\n<\/ul>\n<p>&nbsp;<\/p>\n<div id=\"attachment_304697\" style=\"width: 470px\" class=\"wp-caption aligncenter\"><a href=\"http:\/\/www.diarioimagen.net\/?attachment_id=304697\" rel=\"attachment wp-att-304697\"><img loading=\"lazy\" decoding=\"async\" aria-describedby=\"caption-attachment-304697\" class=\"size-large wp-image-304697\" src=\"http:\/\/www.diarioimagen.net\/wp-content\/uploads\/2016\/12\/SALUD-3024-460x259.jpg\" alt=\"\" width=\"460\" height=\"259\" srcset=\"https:\/\/www.diarioimagen.net\/wp-content\/uploads\/2016\/12\/SALUD-3024-460x259.jpg 460w, https:\/\/www.diarioimagen.net\/wp-content\/uploads\/2016\/12\/SALUD-3024-240x135.jpg 240w, https:\/\/www.diarioimagen.net\/wp-content\/uploads\/2016\/12\/SALUD-3024-235x132.jpg 235w, https:\/\/www.diarioimagen.net\/wp-content\/uploads\/2016\/12\/SALUD-3024-202x114.jpg 202w, https:\/\/www.diarioimagen.net\/wp-content\/uploads\/2016\/12\/SALUD-3024-350x196.jpg 350w, https:\/\/www.diarioimagen.net\/wp-content\/uploads\/2016\/12\/SALUD-3024-220x123.jpg 220w, https:\/\/www.diarioimagen.net\/wp-content\/uploads\/2016\/12\/SALUD-3024-237x132.jpg 237w, https:\/\/www.diarioimagen.net\/wp-content\/uploads\/2016\/12\/SALUD-3024.jpg 480w\" sizes=\"auto, (max-width: 460px) 100vw, 460px\" \/><\/a><p id=\"caption-attachment-304697\" class=\"wp-caption-text\">Jos\u00e9 Narro destac\u00f3 que en este gobierno se ha afiliado a 6.5 millones de personas al Programa Prospera y al de 65 a\u00f1os y M\u00e1s.<\/p><\/div>\n<p>&nbsp;<\/p>\n<p>El secretario de Salud, Jos\u00e9 Narro Robles, considera que para el gobierno federal la salud es pol\u00edtica de Estado y prioridad, pues sin salud todo se dificulta.<\/p>\n<p>Destac\u00f3 que de 2012 a 2015 disminuy\u00f3 en seis por ciento la mortalidad infantil y en 18 por ciento la materna. De igual forma se registr\u00f3 una reducci\u00f3n de nueve por ciento en el n\u00famero de accidentes, mientras 15 por ciento m\u00e1s de mexicanos tuvieron acceso a la salud.<\/p>\n<p>En la ceremonia de entrega del hospital general de San Pablo del Monte, Tlaxcala,\u00a0 el funcionario destac\u00f3 que en este gobierno se ha afiliado a 6.5 millones de personas al Programa Prospera y al de 65 a\u00f1os y m\u00e1s.<\/p>\n<p>Tambi\u00e9n 6.6 millones de j\u00f3venes estudiantes se han incorporado al Seguro Social con el objetivo de proporcionarles atenci\u00f3n m\u00e9dica.<\/p>\n<p>Narro Robles indic\u00f3 que los trabajadores del sector salud son parte fundamental para garantizar bienestar a la poblaci\u00f3n.<\/p>\n<p>Record\u00f3 que entre 2011 y 2015 acompa\u00f1\u00f3 en su calidad de rector de la UNAM al gobernador de la entidad, Mariano Gonz\u00e1lez Zarur, viendo temas de educaci\u00f3n superior, cultura, arte y divulgaci\u00f3n. \u201cFue un enorme gusto acompa\u00f1arte y para m\u00ed fue un privilegio acompa\u00f1arte\u201d.<\/p>\n<p>En tanto Gonz\u00e1lez Zarur coment\u00f3 que su administraci\u00f3n respalda la reforma educativa, pues es muestra clara de apoyo a las nuevas generaciones.<\/p>\n<p>Dijo que la historia reconocer\u00e1 los avances logrados en el pa\u00eds, mientras que en el tema de universalidad de los servicios m\u00e9dicos dijo que es una gran iniciativa en favor de los que menos tienen.<\/p>\n<p>Refiri\u00f3 que durante su administraci\u00f3n se rehabilitaron 250 centros de salud y se pusieron en marcha cuatro hospitales, as\u00ed como servicios especializados en beneficio de la poblaci\u00f3n.<\/p>\n<p>El gobernador abund\u00f3 que el hospital inaugurado cuenta con 34 camas y atenci\u00f3n especializada, as\u00ed como con dos quir\u00f3fanos, entre otros servicios, para lo cual se invirtieron 352 millones de pesos provenientes de los \u00e1mbitos federal y estatal, en favor de unas 200 mil personas.<\/p>\n<p>&nbsp;<\/p>\n","protected":false},"excerpt":{"rendered":"<p>El secretario de Salud, Jos\u00e9 Narro Robles, considera que para el gobierno federal la salud es pol\u00edtica de Estado y prioridad, pues sin salud todo se dificulta. Destac\u00f3 que de 2012 a 2015 disminuy\u00f3 en seis por ciento la mortalidad infantil y en 18 por ciento la materna. De igual forma se registr\u00f3 una reducci\u00f3n de nueve por ciento en el n\u00famero de accidentes, mientras 15 por ciento m\u00e1s de mexicanos tuvieron acceso a la salud.<\/p>\n","protected":false},"author":3,"featured_media":304697,"comment_status":"open","ping_status":"open","sticky":false,"template":"","format":"standard","meta":{"_monsterinsights_skip_tracking":false,"_monsterinsights_sitenote_active":false,"_monsterinsights_sitenote_note":"","_monsterinsights_sitenote_category":0,"footnotes":""},"categories":[877],"tags":[571,43673,10825,43692,432],"class_list":["post-304556","post","type-post","status-publish","format-standard","has-post-thumbnail","hentry","category-salud","tag-jose-narro-robles","tag-nacional","tag-politica","tag-salud","tag-secretaria-de-salud"],"_links":{"self":[{"href":"https:\/\/www.diarioimagen.net\/index.php?rest_route=\/wp\/v2\/posts\/304556","targetHints":{"allow":["GET"]}}],"collection":[{"href":"https:\/\/www.diarioimagen.net\/index.php?rest_route=\/wp\/v2\/posts"}],"about":[{"href":"https:\/\/www.diarioimagen.net\/index.php?rest_route=\/wp\/v2\/types\/post"}],"author":[{"embeddable":true,"href":"https:\/\/www.diarioimagen.net\/index.php?rest_route=\/wp\/v2\/users\/3"}],"replies":[{"embeddable":true,"href":"https:\/\/www.diarioimagen.net\/index.php?rest_route=%2Fwp%2Fv2%2Fcomments&post=304556"}],"version-history":[{"count":0,"href":"https:\/\/www.diarioimagen.net\/index.php?rest_route=\/wp\/v2\/posts\/304556\/revisions"}],"wp:featuredmedia":[{"embeddable":true,"href":"https:\/\/www.diarioimagen.net\/index.php?rest_route=\/wp\/v2\/media\/304697"}],"wp:attachment":[{"href":"https:\/\/www.diarioimagen.net\/index.php?rest_route=%2Fwp%2Fv2%2Fmedia&parent=304556"}],"wp:term":[{"taxonomy":"category","embeddable":true,"href":"https:\/\/www.diarioimagen.net\/index.php?rest_route=%2Fwp%2Fv2%2Fcategories&post=304556"},{"taxonomy":"post_tag","embeddable":true,"href":"https:\/\/www.diarioimagen.net\/index.php?rest_route=%2Fwp%2Fv2%2Ftags&post=304556"}],"curies":[{"name":"wp","href":"https:\/\/api.w.org\/{rel}","templated":true}]}}