{"id":304578,"date":"2016-12-22T00:08:45","date_gmt":"2016-12-22T06:08:45","guid":{"rendered":"http:\/\/www.diarioimagen.net\/?p=304578"},"modified":"2016-12-23T03:53:05","modified_gmt":"2016-12-23T09:53:05","slug":"epn-se-amplia-cobertura-de-los-servicios-de-salud","status":"publish","type":"post","link":"https:\/\/www.diarioimagen.net\/?p=304578","title":{"rendered":"EPN: se ampl\u00eda cobertura de los servicios de salud"},"content":{"rendered":"<ul>\n<li><strong><em>Destaca universalizaci\u00f3n<\/em><\/strong><\/li>\n<\/ul>\n<p>&nbsp;<\/p>\n<div id=\"attachment_304702\" style=\"width: 470px\" class=\"wp-caption aligncenter\"><a href=\"http:\/\/www.diarioimagen.net\/?attachment_id=304702\" rel=\"attachment wp-att-304702\"><img loading=\"lazy\" decoding=\"async\" aria-describedby=\"caption-attachment-304702\" class=\"size-large wp-image-304702\" src=\"http:\/\/www.diarioimagen.net\/wp-content\/uploads\/2016\/12\/epn-3024-460x259.jpg\" alt=\"\" width=\"460\" height=\"259\" srcset=\"https:\/\/www.diarioimagen.net\/wp-content\/uploads\/2016\/12\/epn-3024-460x259.jpg 460w, https:\/\/www.diarioimagen.net\/wp-content\/uploads\/2016\/12\/epn-3024-240x135.jpg 240w, https:\/\/www.diarioimagen.net\/wp-content\/uploads\/2016\/12\/epn-3024-235x132.jpg 235w, https:\/\/www.diarioimagen.net\/wp-content\/uploads\/2016\/12\/epn-3024-202x114.jpg 202w, https:\/\/www.diarioimagen.net\/wp-content\/uploads\/2016\/12\/epn-3024-350x196.jpg 350w, https:\/\/www.diarioimagen.net\/wp-content\/uploads\/2016\/12\/epn-3024-220x123.jpg 220w, https:\/\/www.diarioimagen.net\/wp-content\/uploads\/2016\/12\/epn-3024-237x132.jpg 237w, https:\/\/www.diarioimagen.net\/wp-content\/uploads\/2016\/12\/epn-3024.jpg 480w\" sizes=\"auto, (max-width: 460px) 100vw, 460px\" \/><\/a><p id=\"caption-attachment-304702\" class=\"wp-caption-text\">En gira por Tlaxcala, el presidente Enrique Pe\u00f1a Nieto dej\u00f3 claro que el tema de la salud es prioridad para el gobierno de la Rep\u00fablica.<\/p><\/div>\n<p>&nbsp;<\/p>\n<p>Con la universalizaci\u00f3n de los servicios de salud se busca ampliar la cobertura y hacer un uso m\u00e1s eficiente de toda la infraestructura disponible en el pa\u00eds, indic\u00f3 el presidente Enrique Pe\u00f1a Nieto.<\/p>\n<p>Durante la entrega del Hospital General de San Pablo Monte, el mandatario subray\u00f3 que con esa acci\u00f3n adem\u00e1s se aspira a que no haya competencias y esfuerzos aislados del Instituto Mexicano del Seguro Social, el ISSSTE y los hospitales del sector salud.<\/p>\n<p>Enfatiz\u00f3 que en su administraci\u00f3n \u201cnos hemos propuesto modernizar ese sector y que sirva de mejor manera a partir de una buena coordinaci\u00f3n de los esfuerzos de las instituciones de salud\u201d.<\/p>\n<p>En compa\u00f1\u00eda de los secretarios federales de Salud, Jos\u00e9 Narro Robles, y de Desarrollo Agrario, Territorial y Urbano, Rosario Robles Berlanga, el Ejecutivo federal dej\u00f3 claro que el tema de la salud es prioridad para el gobierno de la Rep\u00fablica.<\/p>\n<p>Se\u00f1al\u00f3 que llevar salud a toda la geograf\u00eda nacional y acercar los servicios m\u00e9dicos es el tema central e indispensable para que los mexicanos puedan tener una mejor calidad de vida y lograr la concreci\u00f3n de los proyectos que tracen de manera individual o colectiva, pues lo importante e indispensable es estar sanos.<\/p>\n<p>Mencion\u00f3 que la inauguraci\u00f3n de cada uno de los hospitales que se viene haciendo \u201ces una de las buenas cosas que est\u00e1n ocurriendo porque implica llevar salud a mucha gente que tiene la atenci\u00f3n m\u00e9dica a gran distancia\u201d.<\/p>\n<p>Pe\u00f1a Nieto record\u00f3 que hace cuatro a\u00f1os \u201ctrajimos cobijas y hoy venimos a inaugurar un hospital, a cumplir con ese compromiso que se hiciera con los habitantes de San Pablo del Monte\u201d.<\/p>\n<p>Remarc\u00f3 que \u201clo que estamos buscando con la universalizaci\u00f3n de los servicios de salud es precisamente asegurarnos que toda esa infraestructura sirva de mejor manera a partir de una buena coordinaci\u00f3n de los esfuerzos de las instituciones de salud.<\/p>\n<p>\u201cY eso ya est\u00e1 ocurriendo de distintas formas pues estamos comprando medicamentos de manera consolidada, es decir, una sola compra para abaratar costos en los medicamentos y tener un mejor aprovisionamiento en las distintas instituciones del sector salud\u201d. Subray\u00f3 que lo que importa es cu\u00e1nto ha mejorado la salud entre los mexicanos a trav\u00e9s de distintos indicadores logrados, como la reducci\u00f3n de la mortalidad infantil y materna.<\/p>\n<p>Durante su intervenci\u00f3n el Presidente de la Rep\u00fablica dio a conocer que diariamente el sector salud atiende a un mill\u00f3n de personas en promedio, ya sea por atenci\u00f3n m\u00e9dica, urgencias o en partos.<\/p>\n<p>\u201cTodos los d\u00edas se atienden m\u00e1s de 4 mil 500 partos, en promedio, es decir, cada d\u00eda hay 4 mil 500 mexicanos m\u00e1s en nuestra poblaci\u00f3n, y en materia de cirug\u00edas se practican 10 mil todos los d\u00edas en el sistema nacional de salud\u201d.<\/p>\n<p>Estas, agreg\u00f3, \u201cson las grandes cifras y es lo que implica este esfuerzo por llevar y velar por la salud de los mexicanos\u201d.<\/p>\n<p>Pe\u00f1a Nieto reiter\u00f3 que \u201clo que estamos haciendo en la tarea de ese gobierno es tener a la salud como un tema de la mayor prioridad\u201d. Asegur\u00f3 que en ese sector es donde se ha evitado hacer ajustes, hasta donde sea lo m\u00e1s posible, porque es prioridad para el gobierno.<\/p>\n<p>El mandatario tambi\u00e9n inform\u00f3 que en lo que va de su administraci\u00f3n se han construido o modernizado 640 unidades hospitalarias para que m\u00e1s personas puedan recibir la atenci\u00f3n que requieren.<\/p>\n<p>Hoy \u201ctrabajamos en ampliar la infraestructura de servicios de salud precisamente para que haya hospitales o centros de consulta externa m\u00e1s cerca de la poblaci\u00f3n, as\u00ed como en el mejoramiento de la calidad de los servicios de salud y en la modernizaci\u00f3n de los centros hospitalarios con un mejor equipamiento\u201d.<\/p>\n<p>Destac\u00f3 la importancia de que \u201casegurarnos que en las distintas unidades m\u00e9dicas haya los m\u00e9dicos y las enfermeras necesarias\u201d.<\/p>\n<p>\u201cEso implica m\u00e1s gasto, por supuesto, y dada la distancia o los lugares donde se encuentran las unidades m\u00e9dicas que logramos construir, a veces no se cuenta con el personal m\u00e9dico suficiente\u201d.<\/p>\n<p>Esto, prosigui\u00f3, \u201ces una tarea que estamos logrando con una mejor distribuci\u00f3n y reclutamiento del personal m\u00e9dico, para que est\u00e9 cerca de esos centros de atenci\u00f3n m\u00e9dica para asegurar que haya doctores y enfermeras en los distintos centros de salud que se han construido y que se seguir\u00e1n construyendo en los pr\u00f3ximos a\u00f1os\u201d.<\/p>\n<p>Reconoci\u00f3 al personal del sector salud \u201cporque es precisamente el que nos permitir\u00e1 cumplir con esos objetivos y, sobre todo, dar atenci\u00f3n c\u00e1lida a cada uno de los pacientes que vengan a este nuevo hospital\u201d.<\/p>\n","protected":false},"excerpt":{"rendered":"<p>Con la universalizaci\u00f3n de los servicios de salud se busca ampliar la cobertura y hacer un uso m\u00e1s eficiente de toda la infraestructura disponible en el pa\u00eds, indic\u00f3 el presidente Enrique Pe\u00f1a Nieto. Durante la entrega del Hospital General de San Pablo Monte, el mandatario subray\u00f3 que con esa acci\u00f3n adem\u00e1s se aspira a que no haya competencias y esfuerzos aislados del Instituto Mexicano del Seguro Social, el ISSSTE y los hospitales del sector salud.<\/p>\n","protected":false},"author":3,"featured_media":304702,"comment_status":"open","ping_status":"open","sticky":false,"template":"","format":"standard","meta":{"_monsterinsights_skip_tracking":false,"_monsterinsights_sitenote_active":false,"_monsterinsights_sitenote_note":"","_monsterinsights_sitenote_category":0,"footnotes":""},"categories":[877],"tags":[1716,43673,43692,432,878],"class_list":["post-304578","post","type-post","status-publish","format-standard","has-post-thumbnail","hentry","category-salud","tag-epn","tag-nacional","tag-salud","tag-secretaria-de-salud","tag-servicios-de-salud"],"_links":{"self":[{"href":"https:\/\/www.diarioimagen.net\/index.php?rest_route=\/wp\/v2\/posts\/304578","targetHints":{"allow":["GET"]}}],"collection":[{"href":"https:\/\/www.diarioimagen.net\/index.php?rest_route=\/wp\/v2\/posts"}],"about":[{"href":"https:\/\/www.diarioimagen.net\/index.php?rest_route=\/wp\/v2\/types\/post"}],"author":[{"embeddable":true,"href":"https:\/\/www.diarioimagen.net\/index.php?rest_route=\/wp\/v2\/users\/3"}],"replies":[{"embeddable":true,"href":"https:\/\/www.diarioimagen.net\/index.php?rest_route=%2Fwp%2Fv2%2Fcomments&post=304578"}],"version-history":[{"count":0,"href":"https:\/\/www.diarioimagen.net\/index.php?rest_route=\/wp\/v2\/posts\/304578\/revisions"}],"wp:featuredmedia":[{"embeddable":true,"href":"https:\/\/www.diarioimagen.net\/index.php?rest_route=\/wp\/v2\/media\/304702"}],"wp:attachment":[{"href":"https:\/\/www.diarioimagen.net\/index.php?rest_route=%2Fwp%2Fv2%2Fmedia&parent=304578"}],"wp:term":[{"taxonomy":"category","embeddable":true,"href":"https:\/\/www.diarioimagen.net\/index.php?rest_route=%2Fwp%2Fv2%2Fcategories&post=304578"},{"taxonomy":"post_tag","embeddable":true,"href":"https:\/\/www.diarioimagen.net\/index.php?rest_route=%2Fwp%2Fv2%2Ftags&post=304578"}],"curies":[{"name":"wp","href":"https:\/\/api.w.org\/{rel}","templated":true}]}}