{"id":304731,"date":"2016-12-23T00:11:02","date_gmt":"2016-12-23T06:11:02","guid":{"rendered":"http:\/\/www.diarioimagen.net\/?p=304731"},"modified":"2016-12-23T02:37:38","modified_gmt":"2016-12-23T08:37:38","slug":"sube-a-35-el-numero-de-muertos-por-explosion-en-tultepec","status":"publish","type":"post","link":"https:\/\/www.diarioimagen.net\/?p=304731","title":{"rendered":"Ya van 35 muertos por la explosi\u00f3n en el San Pablito"},"content":{"rendered":"<ul>\n<li><strong><em>Atenci\u00f3n personal a familias de lesionados<\/em><\/strong><\/li>\n<\/ul>\n<p>&nbsp;<\/p>\n<div id=\"attachment_304732\" style=\"width: 470px\" class=\"wp-caption aligncenter\"><a href=\"http:\/\/www.diarioimagen.net\/?attachment_id=304732\" rel=\"attachment wp-att-304732\"><img loading=\"lazy\" decoding=\"async\" aria-describedby=\"caption-attachment-304732\" class=\"size-large wp-image-304732\" src=\"http:\/\/www.diarioimagen.net\/wp-content\/uploads\/2016\/12\/PAMELA23a-portal-460x268.jpg\" alt=\"\" width=\"460\" height=\"268\" srcset=\"https:\/\/www.diarioimagen.net\/wp-content\/uploads\/2016\/12\/PAMELA23a-portal-460x268.jpg 460w, https:\/\/www.diarioimagen.net\/wp-content\/uploads\/2016\/12\/PAMELA23a-portal-240x140.jpg 240w, https:\/\/www.diarioimagen.net\/wp-content\/uploads\/2016\/12\/PAMELA23a-portal.jpg 480w\" sizes=\"auto, (max-width: 460px) 100vw, 460px\" \/><\/a><p id=\"caption-attachment-304732\" class=\"wp-caption-text\">Los decesos m\u00e1s recientes son de dos mujeres, entre ellas, una menor de edad en el Instituto Nacional de Rehabilitaci\u00f3n.<\/p><\/div>\n<p>&nbsp;<\/p>\n<p>&nbsp;<\/p>\n<p>En un corte realizado a las 9:00 horas de ayer jueves se increment\u00f3 a 35 el n\u00famero de personas fallecidas a consecuencia de la explosi\u00f3n en Tultepec; 26 de ellas en el lugar de los hechos y 9 en hospitales.<\/p>\n<p>Los decesos m\u00e1s recientes son de dos mujeres: una menor de edad en el Instituto Nacional de Rehabilitaci\u00f3n, en este caso se mantiene coordinaci\u00f3n con autoridades de la Ciudad de M\u00e9xico para la entrega a sus familiares y el otro en el Hospital de Alta Especialidad de Zumpango, que tambi\u00e9n se encuentra en proceso de entrega.<\/p>\n<p>Como ha sido en todos los casos, el gobierno del Estado de M\u00e9xico apoyar\u00e1 a los deudos de estas personas con el pago de los gastos funerarios.<\/p>\n<p>Integrantes del gabinete estatal se mantienen atendiendo personalmente a los familiares de los lesionados en los diferentes hospitales donde se encuentran y supervisan la atenci\u00f3n a los pacientes. El \u00faltimo reporte de lesionados se ofrece a continuaci\u00f3n:<\/p>\n<p>59 personas atendidas en hospitales del ISEM, IMSS e ISSSTE. 18 personas dadas de alta en hospitales. 36 pacientes en diversos hospitales, 4 de ellos se encuentran graves, los dem\u00e1s se encuentran fuera de peligro.<\/p>\n<p style=\"text-align: center;\"><strong>Dan de alta a menor de edad <\/strong><\/p>\n<p>El Instituto Mexicano del Seguro Social (IMSS) dio de alta a uno de los 10 lesionados que atendi\u00f3 por la explosi\u00f3n en Tultepec, y prev\u00e9 que otro paciente m\u00e1s abandone este viernes el hospital.<\/p>\n","protected":false},"excerpt":{"rendered":"<p>En un corte realizado a las 9:00 horas de ayer jueves se increment\u00f3 a 35 el n\u00famero de personas fallecidas a consecuencia de la explosi\u00f3n en Tultepec; 26 de ellas en el lugar de los hechos y 9 en hospitales. Los decesos m\u00e1s recientes son de dos mujeres: una menor de edad en el Instituto Nacional de Rehabilitaci\u00f3n, en este caso se mantiene coordinaci\u00f3n con autoridades de la Ciudad de M\u00e9xico para la entrega a sus familiares y el otro en el Hospital de Alta Especialidad de Zumpango, que tambi\u00e9n se encuentra en proceso de entrega.<\/p>\n","protected":false},"author":5,"featured_media":304732,"comment_status":"open","ping_status":"open","sticky":false,"template":"","format":"standard","meta":{"_monsterinsights_skip_tracking":false,"_monsterinsights_sitenote_active":false,"_monsterinsights_sitenote_note":"","_monsterinsights_sitenote_category":0,"footnotes":""},"categories":[5],"tags":[43675,56702,56656,3802],"class_list":["post-304731","post","type-post","status-publish","format-standard","has-post-thumbnail","hentry","category-estado-de-mexico","tag-estado-de-mexico","tag-hospital-de-alta-especialidad-de-zumpango","tag-san-pablito","tag-tultepec"],"_links":{"self":[{"href":"https:\/\/www.diarioimagen.net\/index.php?rest_route=\/wp\/v2\/posts\/304731","targetHints":{"allow":["GET"]}}],"collection":[{"href":"https:\/\/www.diarioimagen.net\/index.php?rest_route=\/wp\/v2\/posts"}],"about":[{"href":"https:\/\/www.diarioimagen.net\/index.php?rest_route=\/wp\/v2\/types\/post"}],"author":[{"embeddable":true,"href":"https:\/\/www.diarioimagen.net\/index.php?rest_route=\/wp\/v2\/users\/5"}],"replies":[{"embeddable":true,"href":"https:\/\/www.diarioimagen.net\/index.php?rest_route=%2Fwp%2Fv2%2Fcomments&post=304731"}],"version-history":[{"count":0,"href":"https:\/\/www.diarioimagen.net\/index.php?rest_route=\/wp\/v2\/posts\/304731\/revisions"}],"wp:featuredmedia":[{"embeddable":true,"href":"https:\/\/www.diarioimagen.net\/index.php?rest_route=\/wp\/v2\/media\/304732"}],"wp:attachment":[{"href":"https:\/\/www.diarioimagen.net\/index.php?rest_route=%2Fwp%2Fv2%2Fmedia&parent=304731"}],"wp:term":[{"taxonomy":"category","embeddable":true,"href":"https:\/\/www.diarioimagen.net\/index.php?rest_route=%2Fwp%2Fv2%2Fcategories&post=304731"},{"taxonomy":"post_tag","embeddable":true,"href":"https:\/\/www.diarioimagen.net\/index.php?rest_route=%2Fwp%2Fv2%2Ftags&post=304731"}],"curies":[{"name":"wp","href":"https:\/\/api.w.org\/{rel}","templated":true}]}}