{"id":304762,"date":"2016-12-23T00:10:56","date_gmt":"2016-12-23T06:10:56","guid":{"rendered":"http:\/\/www.diarioimagen.net\/?p=304762"},"modified":"2017-01-01T22:27:10","modified_gmt":"2017-01-02T04:27:10","slug":"ofrecen-epn-y-eruviel-avila-ayuda-pronta-a-pirotecnicos","status":"publish","type":"post","link":"https:\/\/www.diarioimagen.net\/?p=304762","title":{"rendered":"Ofrecen EPN y Eruviel \u00c1vila ayuda pronta a pirot\u00e9cnicos"},"content":{"rendered":"<ul>\n<li><strong><em>Reconstruir\u00e1n el mercado<\/em><\/strong><\/li>\n<\/ul>\n<h6>Jos\u00e9 Luis Monta\u00f1ez<\/h6>\n<p>&nbsp;<\/p>\n<div id=\"attachment_304887\" style=\"width: 470px\" class=\"wp-caption aligncenter\"><a href=\"http:\/\/www.diarioimagen.net\/?attachment_id=304887\" rel=\"attachment wp-att-304887\"><img loading=\"lazy\" decoding=\"async\" aria-describedby=\"caption-attachment-304887\" class=\"size-large wp-image-304887\" src=\"http:\/\/www.diarioimagen.net\/wp-content\/uploads\/2016\/12\/eruviel-3025-460x259.jpg\" alt=\"\" width=\"460\" height=\"259\" srcset=\"https:\/\/www.diarioimagen.net\/wp-content\/uploads\/2016\/12\/eruviel-3025-460x259.jpg 460w, https:\/\/www.diarioimagen.net\/wp-content\/uploads\/2016\/12\/eruviel-3025-240x135.jpg 240w, https:\/\/www.diarioimagen.net\/wp-content\/uploads\/2016\/12\/eruviel-3025-235x132.jpg 235w, https:\/\/www.diarioimagen.net\/wp-content\/uploads\/2016\/12\/eruviel-3025-202x114.jpg 202w, https:\/\/www.diarioimagen.net\/wp-content\/uploads\/2016\/12\/eruviel-3025-350x196.jpg 350w, https:\/\/www.diarioimagen.net\/wp-content\/uploads\/2016\/12\/eruviel-3025-220x123.jpg 220w, https:\/\/www.diarioimagen.net\/wp-content\/uploads\/2016\/12\/eruviel-3025-237x132.jpg 237w, https:\/\/www.diarioimagen.net\/wp-content\/uploads\/2016\/12\/eruviel-3025.jpg 480w\" sizes=\"auto, (max-width: 460px) 100vw, 460px\" \/><\/a><p id=\"caption-attachment-304887\" class=\"wp-caption-text\">Enrique Pe\u00f1a Nieto y el gobernador Eruviel \u00c1vila Villegas visitaron en el Hospital de Alta Especialidad de Zumpango a las personas que resultaron heridas en la explosi\u00f3n de Tultepec.<\/p><\/div>\n<p>&nbsp;<\/p>\n<p><strong>Ecatepec, Estado de M\u00e9xico<\/strong>.- El presidente Enrique Pe\u00f1a Nieto y el gobernador Eruviel \u00c1vila Villegas ofrecieron el apoyo y respaldo de los gobiernos de la Rep\u00fablica y del Estado de M\u00e9xico, para que los artesanos dedicados a la pirotecnia en Tultepec contin\u00faen con esta actividad y se reconstruya el mercado de San Pablito, que es una tradici\u00f3n que identifica a este municipio mexiquense.<\/p>\n<p>Durante la ceremonia conmemorativa del 201 Aniversario de la Muerte del General\u00edsimo Don Jos\u00e9 Mar\u00eda Morelos y Pav\u00f3n \u201cSiervo de la Naci\u00f3n\u201d, en el Museo Casa de Morelos, el presidente Enrique Pe\u00f1a Nieto asever\u00f3 que en este momento la prioridad es la salud de los lesionados, pero en una segunda etapa vendr\u00e1n los apoyos para que los 300 locatarios que perdieron su patrimonio puedan reincorporase a la actividad productiva.<\/p>\n<p>\u201cQuiero expresar y reiterar a nombre del gobierno de la Rep\u00fablica nuestra mayor solidaridad, nuestro mayor respaldo para que, en primer lugar, las personas que est\u00e1n hoy lesionadas reciban, como est\u00e1 ocurriendo ya, la atenci\u00f3n m\u00e9dica debida y especializada para su recuperaci\u00f3n y, en su momento, trabajar con los artesanos que perdieron gran parte de su patrimonio en este evento, a los 300 locatarios de ese mercado para que nuevamente puedan reiniciar sus actividades normales\u201d, indic\u00f3.<\/p>\n<p>Por su parte, el gobernador Eruviel \u00c1vila Villegas asegur\u00f3 que es necesario encontrar armon\u00eda entre medidas de seguridad m\u00e1s efectivas y esta actividad productiva.<\/p>\n<p>\u201cLes reitero desde Ecatepec que no est\u00e1n solos, el Presidente de la Rep\u00fablica, el gobernador del estado, nuestros equipos hemos estado, estamos y estaremos defendiendo sus fuentes de trabajo, el reto es saber convivir entre la seguridad, con la seguridad, la protecci\u00f3n de la gente y su actividad artesanal, su actividad comercial, expres\u00f3 el gobernador mexiquense.<\/p>\n<p>Explic\u00f3 que as\u00ed como se respeta y valora la actividad artesanal que llevan a cabo los pueblos mazahuas y otom\u00edes, por ejemplo, tambi\u00e9n se aprecia la labor que realizan los maestros de la pirotecnia de Tultepec.<\/p>\n<p>\u201cNo vamos a dejar solas a las 300 familias que viven de este importante mercado artesanal de San Pablito, all\u00e1 en Tultepec. No est\u00e1n solos el Presidente, su amigo el gobernador est\u00e1 de su lado\u201d, enfatiz\u00f3.<\/p>\n<p>Eruviel \u00c1vila afirm\u00f3 que el Estado de M\u00e9xico est\u00e1 de luto, derivado de la tr\u00e1gica explosi\u00f3n en Tultepec, de la cual hay un saldo hasta el momento de 35 personas fallecidas; no obstante, el saldo a favor es que 34 pacientes accidentados lograron salvar su vida, gracias a la atenci\u00f3n m\u00e9dica oportuna.<\/p>\n<p style=\"text-align: center;\"><strong>Visitan a heridos en hospital<\/strong><\/p>\n<p>Previamente, el presidente de la Rep\u00fablica y el gobernador del Estado de M\u00e9xico, visitaron a personas que resultaron heridas en la explosi\u00f3n de Tultepec y que son atendidas en el Hospital Regional de Alta Especialidad de Zumpango.<\/p>\n<p>Ah\u00ed, Enrique Pe\u00f1a atendi\u00f3 a familiares de las v\u00edctimas, as\u00ed como a integrantes de la Asociaci\u00f3n de Pirot\u00e9cnicos del mercado de San Pablito, quienes solicitaron apoyo para las familias afectadas por este hecho, as\u00ed como para continuar con su actividad, pues miles de personas dependen de la misma.<\/p>\n<p>En esta visita, tambi\u00e9n acudieron los secretarios de Salud y de Desarrollo Agrario, Territorial y Urbano, Jos\u00e9 Narro Robles y Rosario Robles Berlanga.<\/p>\n<p>&nbsp;<\/p>\n","protected":false},"excerpt":{"rendered":"<p><span style=\"color: #005497;\">Jos\u00e9 Luis Monta\u00f1ez<\/span><br \/>\n<br \/>\nEl presidente Enrique Pe\u00f1a Nieto y el gobernador Eruviel \u00c1vila Villegas ofrecieron el apoyo y respaldo de los gobiernos de la Rep\u00fablica y del Estado de M\u00e9xico, para que los artesanos dedicados a la pirotecnia en Tultepec contin\u00faen con esta actividad y se reconstruya el mercado de San Pablito, que es una tradici\u00f3n que identifica a este municipio mexiquense.<\/p>\n","protected":false},"author":3,"featured_media":304887,"comment_status":"open","ping_status":"open","sticky":false,"template":"","format":"standard","meta":{"_monsterinsights_skip_tracking":false,"_monsterinsights_sitenote_active":false,"_monsterinsights_sitenote_note":"","_monsterinsights_sitenote_category":0,"footnotes":""},"categories":[5],"tags":[454,5828,43675,52903],"class_list":["post-304762","post","type-post","status-publish","format-standard","has-post-thumbnail","hentry","category-estado-de-mexico","tag-ecatepec","tag-eruviel-avila-villegas","tag-estado-de-mexico","tag-pirotecnicos"],"_links":{"self":[{"href":"https:\/\/www.diarioimagen.net\/index.php?rest_route=\/wp\/v2\/posts\/304762","targetHints":{"allow":["GET"]}}],"collection":[{"href":"https:\/\/www.diarioimagen.net\/index.php?rest_route=\/wp\/v2\/posts"}],"about":[{"href":"https:\/\/www.diarioimagen.net\/index.php?rest_route=\/wp\/v2\/types\/post"}],"author":[{"embeddable":true,"href":"https:\/\/www.diarioimagen.net\/index.php?rest_route=\/wp\/v2\/users\/3"}],"replies":[{"embeddable":true,"href":"https:\/\/www.diarioimagen.net\/index.php?rest_route=%2Fwp%2Fv2%2Fcomments&post=304762"}],"version-history":[{"count":0,"href":"https:\/\/www.diarioimagen.net\/index.php?rest_route=\/wp\/v2\/posts\/304762\/revisions"}],"wp:featuredmedia":[{"embeddable":true,"href":"https:\/\/www.diarioimagen.net\/index.php?rest_route=\/wp\/v2\/media\/304887"}],"wp:attachment":[{"href":"https:\/\/www.diarioimagen.net\/index.php?rest_route=%2Fwp%2Fv2%2Fmedia&parent=304762"}],"wp:term":[{"taxonomy":"category","embeddable":true,"href":"https:\/\/www.diarioimagen.net\/index.php?rest_route=%2Fwp%2Fv2%2Fcategories&post=304762"},{"taxonomy":"post_tag","embeddable":true,"href":"https:\/\/www.diarioimagen.net\/index.php?rest_route=%2Fwp%2Fv2%2Ftags&post=304762"}],"curies":[{"name":"wp","href":"https:\/\/api.w.org\/{rel}","templated":true}]}}