{"id":304764,"date":"2016-12-23T00:12:50","date_gmt":"2016-12-23T06:12:50","guid":{"rendered":"http:\/\/www.diarioimagen.net\/?p=304764"},"modified":"2016-12-23T05:04:13","modified_gmt":"2016-12-23T11:04:13","slug":"respaldo-a-los-artesanos-de-tultepec","status":"publish","type":"post","link":"https:\/\/www.diarioimagen.net\/?p=304764","title":{"rendered":"Respaldo a los artesanos de Tultepec"},"content":{"rendered":"<h2>Arco Norte<\/h2>\n<h5>Jos\u00e9 Luis Monta\u00f1ez Aguilar<\/h5>\n<p>&nbsp;<\/p>\n<p><a href=\"http:\/\/www.diarioimagen.net\/?attachment_id=304920\" rel=\"attachment wp-att-304920\"><img loading=\"lazy\" decoding=\"async\" class=\"aligncenter size-large wp-image-304920\" src=\"http:\/\/www.diarioimagen.net\/wp-content\/uploads\/2016\/12\/arco-3025-460x259.jpg\" alt=\"\" width=\"460\" height=\"259\" srcset=\"https:\/\/www.diarioimagen.net\/wp-content\/uploads\/2016\/12\/arco-3025-460x259.jpg 460w, https:\/\/www.diarioimagen.net\/wp-content\/uploads\/2016\/12\/arco-3025-240x135.jpg 240w, https:\/\/www.diarioimagen.net\/wp-content\/uploads\/2016\/12\/arco-3025-235x132.jpg 235w, https:\/\/www.diarioimagen.net\/wp-content\/uploads\/2016\/12\/arco-3025-202x114.jpg 202w, https:\/\/www.diarioimagen.net\/wp-content\/uploads\/2016\/12\/arco-3025-350x196.jpg 350w, https:\/\/www.diarioimagen.net\/wp-content\/uploads\/2016\/12\/arco-3025-220x123.jpg 220w, https:\/\/www.diarioimagen.net\/wp-content\/uploads\/2016\/12\/arco-3025-237x132.jpg 237w, https:\/\/www.diarioimagen.net\/wp-content\/uploads\/2016\/12\/arco-3025.jpg 480w\" sizes=\"auto, (max-width: 460px) 100vw, 460px\" \/><\/a><\/p>\n<p>&nbsp;<\/p>\n<p>El presidente Enrique Pe\u00f1a y el gobernador Eruviel \u00c1vila ofrecieron el apoyo de los gobiernos de la Rep\u00fablica y del Estado de M\u00e9xico, para que los artesanos dedicados a la pirotecnia en Tultepec contin\u00faen con esta actividad y se reconstruya el mercado de San Pablito, que es una tradici\u00f3n en ese municipio mexiquense.<\/p>\n<p>Por su parte, Eruviel \u00c1vila afirm\u00f3 que es necesario encontrar armon\u00eda entre medidas de seguridad m\u00e1s efectivas y esta actividad productiva. Explic\u00f3 que as\u00ed como se respeta y valora la actividad artesanal que llevan a cabo los pueblos mazahuas y otom\u00edes, por ejemplo, tambi\u00e9n se aprecia la labor que realizan los maestros de la pirotecnia de Tultepec.<\/p>\n<p>Previamente, Enrique Pe\u00f1a y Eruviel \u00c1vila visitaron a personas que resultaron heridas en la explosi\u00f3n de Tultepec y que son atendidas en el Hospital Regional de Alta Especialidad de Zumpango.<\/p>\n<p>Ah\u00ed, el Presidente atendi\u00f3 a familiares de las v\u00edctimas, as\u00ed como a integrantes de la Asociaci\u00f3n de Pirot\u00e9cnicos del Mercado de San Pablito, quienes solicitaron apoyo para las familias afectadas por este hecho, as\u00ed como para continuar con su actividad.<\/p>\n<p style=\"text-align: center;\"><strong>Mejoran circulaci\u00f3n y seguridad en el Valle de Toluca<\/strong><\/p>\n<p>En beneficio de m\u00e1s de 300 mil habitantes de 3 municipios del Valle de Toluca, la Secretar\u00eda de Infraestructura construye el bulevar Sor Juana In\u00e9s de la Cruz, en Metepec, para mejorar la circulaci\u00f3n, la movilidad y la seguridad de los automovilistas.<\/p>\n<p>La obra, cuya extensi\u00f3n total ser\u00e1 de 8.9 kil\u00f3metros, se realiza en una primera etapa en el municipio de Metepec; tendr\u00e1 un ancho de 21 metros, con un cuerpo de 2 carriles por sentido y pretende agilizar la circulaci\u00f3n vehicular de San Mateo Atenco a Toluca. Cruzar\u00e1 por los municipios de San Mateo Atenco, Metepec y Toluca, desde la Avenida Tecnol\u00f3gico hasta Heriberto Enr\u00edquez, para atender un aforo promedio de 2 mil 500 veh\u00edculos al d\u00eda.<\/p>\n<p>Los trabajos consisten en la realizaci\u00f3n de terracer\u00edas, terraplenes, excavaci\u00f3n para colocaci\u00f3n de mamposter\u00eda y estructuras de concreto presforzado. Adem\u00e1s, se incluir\u00e1n obras de drenaje y subdrenaje, para la vialidad que ser\u00e1 de concreto asf\u00e1ltico, adem\u00e1s de la se\u00f1alizaci\u00f3n y dispositivo municipal, semaforizaci\u00f3n y alumbrado p\u00fablico.<\/p>\n<p><em><a href=\"mailto:montanezaguilar@gmail.com\" target=\"_blank\">montanezaguilar@gmail.com<\/a><\/em><\/p>\n","protected":false},"excerpt":{"rendered":"<p><span style=\"color: #005497;\">Jos\u00e9 Luis Monta\u00f1ez Aguilar<\/span><br \/>\n<br \/>\nPor su parte, Eruviel \u00c1vila afirm\u00f3 que es necesario encontrar armon\u00eda entre medidas de seguridad m\u00e1s efectivas y esta actividad productiva. Explic\u00f3 que as\u00ed como se respeta y valora la actividad artesanal que llevan a cabo los pueblos mazahuas y otom\u00edes, por ejemplo, tambi\u00e9n se aprecia la labor que realizan los maestros de la pirotecnia de Tultepec.<\/p>\n","protected":false},"author":3,"featured_media":304920,"comment_status":"open","ping_status":"open","sticky":false,"template":"","format":"standard","meta":{"_monsterinsights_skip_tracking":false,"_monsterinsights_sitenote_active":false,"_monsterinsights_sitenote_note":"","_monsterinsights_sitenote_category":0,"footnotes":""},"categories":[5],"tags":[13284,43704,43674],"class_list":["post-304764","post","type-post","status-publish","format-standard","has-post-thumbnail","hentry","category-estado-de-mexico","tag-arco-norte","tag-jose-luis-montanez-aguilar","tag-opinion"],"_links":{"self":[{"href":"https:\/\/www.diarioimagen.net\/index.php?rest_route=\/wp\/v2\/posts\/304764","targetHints":{"allow":["GET"]}}],"collection":[{"href":"https:\/\/www.diarioimagen.net\/index.php?rest_route=\/wp\/v2\/posts"}],"about":[{"href":"https:\/\/www.diarioimagen.net\/index.php?rest_route=\/wp\/v2\/types\/post"}],"author":[{"embeddable":true,"href":"https:\/\/www.diarioimagen.net\/index.php?rest_route=\/wp\/v2\/users\/3"}],"replies":[{"embeddable":true,"href":"https:\/\/www.diarioimagen.net\/index.php?rest_route=%2Fwp%2Fv2%2Fcomments&post=304764"}],"version-history":[{"count":0,"href":"https:\/\/www.diarioimagen.net\/index.php?rest_route=\/wp\/v2\/posts\/304764\/revisions"}],"wp:featuredmedia":[{"embeddable":true,"href":"https:\/\/www.diarioimagen.net\/index.php?rest_route=\/wp\/v2\/media\/304920"}],"wp:attachment":[{"href":"https:\/\/www.diarioimagen.net\/index.php?rest_route=%2Fwp%2Fv2%2Fmedia&parent=304764"}],"wp:term":[{"taxonomy":"category","embeddable":true,"href":"https:\/\/www.diarioimagen.net\/index.php?rest_route=%2Fwp%2Fv2%2Fcategories&post=304764"},{"taxonomy":"post_tag","embeddable":true,"href":"https:\/\/www.diarioimagen.net\/index.php?rest_route=%2Fwp%2Fv2%2Ftags&post=304764"}],"curies":[{"name":"wp","href":"https:\/\/api.w.org\/{rel}","templated":true}]}}