{"id":304784,"date":"2016-12-23T00:09:04","date_gmt":"2016-12-23T06:09:04","guid":{"rendered":"http:\/\/www.diarioimagen.net\/?p=304784"},"modified":"2017-01-01T22:26:59","modified_gmt":"2017-01-02T04:26:59","slug":"dependen-de-la-pirotecnia-30-mil-habitantes-de-tultepec","status":"publish","type":"post","link":"https:\/\/www.diarioimagen.net\/?p=304784","title":{"rendered":"Dependen de la pirotecnia 30 mil habitantes de Tultepec"},"content":{"rendered":"<ul>\n<li><strong><em>Actividad permitida por las autoridades federales<\/em><\/strong><\/li>\n<\/ul>\n<p>&nbsp;<\/p>\n<div id=\"attachment_304896\" style=\"width: 470px\" class=\"wp-caption aligncenter\"><a href=\"http:\/\/www.diarioimagen.net\/?attachment_id=304896\" rel=\"attachment wp-att-304896\"><img loading=\"lazy\" decoding=\"async\" aria-describedby=\"caption-attachment-304896\" class=\"size-large wp-image-304896\" src=\"http:\/\/www.diarioimagen.net\/wp-content\/uploads\/2016\/12\/TULTEPEC-3025-460x259.jpg\" alt=\"\" width=\"460\" height=\"259\" srcset=\"https:\/\/www.diarioimagen.net\/wp-content\/uploads\/2016\/12\/TULTEPEC-3025-460x259.jpg 460w, https:\/\/www.diarioimagen.net\/wp-content\/uploads\/2016\/12\/TULTEPEC-3025-240x135.jpg 240w, https:\/\/www.diarioimagen.net\/wp-content\/uploads\/2016\/12\/TULTEPEC-3025-235x132.jpg 235w, https:\/\/www.diarioimagen.net\/wp-content\/uploads\/2016\/12\/TULTEPEC-3025-202x114.jpg 202w, https:\/\/www.diarioimagen.net\/wp-content\/uploads\/2016\/12\/TULTEPEC-3025-350x196.jpg 350w, https:\/\/www.diarioimagen.net\/wp-content\/uploads\/2016\/12\/TULTEPEC-3025-220x123.jpg 220w, https:\/\/www.diarioimagen.net\/wp-content\/uploads\/2016\/12\/TULTEPEC-3025-237x132.jpg 237w, https:\/\/www.diarioimagen.net\/wp-content\/uploads\/2016\/12\/TULTEPEC-3025.jpg 480w\" sizes=\"auto, (max-width: 460px) 100vw, 460px\" \/><\/a><p id=\"caption-attachment-304896\" class=\"wp-caption-text\">El gobierno municipal buscar\u00e1 por los medios necesarios reactivar la actividad pirot\u00e9cnica, asegur\u00f3 el alcalde Armando Portuguez Fuentes.<\/p><\/div>\n<p>&nbsp;<\/p>\n<p><strong>Tultepec, Estado de M\u00e9xico<\/strong>.- La fabricaci\u00f3n de artesan\u00edas pirot\u00e9cnicas es una actividad l\u00edcita, regulada y permitida por la autoridad federal, adem\u00e1s de darle identidad a Tultepec, por lo que el gobierno municipal buscar\u00e1 por los medios necesarios, siempre respetando los lineamientos jur\u00eddicos aplicables en la materia, la reconstrucci\u00f3n y apertura de dicho mercado.<\/p>\n<p>Precis\u00f3 que cerca de 30 mil habitantes dependen directa o indirectamente de esta actividad, \u201cde ah\u00ed la importancia de reactivarla, el gobierno municipal tiene la obligaci\u00f3n de trabajar para recuperar el espacio que se perdi\u00f3, porque no fomentar esta actividad provocar\u00eda el clandestinaje y eso va en contra de lo que hemos venido luchando\u201d.<\/p>\n<p>Se\u00f1al\u00f3 que la tarea primordial de su administraci\u00f3n, en coordinaci\u00f3n con el gobierno estatal, es velar por la salud de quienes permanecen hospitalizados en los diferentes nosocomios a los que fueron trasladados, donde cabe aclarar, est\u00e1n\u00a0perfectamente atendidos por personal capacitado, y con los insumos y medicamentos necesarios para su correcta atenci\u00f3n.<\/p>\n<p>Afirm\u00f3 que este gobierno ser\u00e1 solidario con los familiares de quienes perdieron a un ser querido durante el accidente que destruy\u00f3 los 300 locales del mercado de San Pablito, donde se comercializa jugueter\u00eda pirot\u00e9cnica, tanto con los gastos funerarios, como con quienes permanecen hospitalizados.<\/p>\n<p>Una vez que se realicen los peritajes de la Procuradur\u00eda General de la Rep\u00fablica (PGR), y se libere el terreno, se trabajar\u00e1 con la mesa directiva del tianguis para que se limpie el lugar y se buscar\u00e1 apoyo de las autoridades estatales y federales para perfeccionar los protocolos de un nuevo dise\u00f1o e iniciar la reconstrucci\u00f3n, dijo.<\/p>\n<p>El gobierno municipal buscar\u00e1 por los medios necesarios y como tarea fundamental reactivar la actividad pirot\u00e9cnica, asegur\u00f3 el alcalde Armando Portuguez Fuentes en conferencia de prensa.<\/p>\n<p>&nbsp;<\/p>\n","protected":false},"excerpt":{"rendered":"<p>La fabricaci\u00f3n de artesan\u00edas pirot\u00e9cnicas es una actividad l\u00edcita, regulada y permitida por la autoridad federal, adem\u00e1s de darle identidad a Tultepec, por lo que el gobierno municipal buscar\u00e1 por los medios necesarios, siempre respetando los lineamientos jur\u00eddicos aplicables en la materia, la reconstrucci\u00f3n y apertura de dicho mercado.<\/p>\n","protected":false},"author":3,"featured_media":304896,"comment_status":"open","ping_status":"open","sticky":false,"template":"","format":"standard","meta":{"_monsterinsights_skip_tracking":false,"_monsterinsights_sitenote_active":false,"_monsterinsights_sitenote_note":"","_monsterinsights_sitenote_category":0,"footnotes":""},"categories":[5],"tags":[43675,16411,43678,56690,3802],"class_list":["post-304784","post","type-post","status-publish","format-standard","has-post-thumbnail","hentry","category-estado-de-mexico","tag-estado-de-mexico","tag-familias","tag-finanzas","tag-pirotecnia","tag-tultepec"],"_links":{"self":[{"href":"https:\/\/www.diarioimagen.net\/index.php?rest_route=\/wp\/v2\/posts\/304784","targetHints":{"allow":["GET"]}}],"collection":[{"href":"https:\/\/www.diarioimagen.net\/index.php?rest_route=\/wp\/v2\/posts"}],"about":[{"href":"https:\/\/www.diarioimagen.net\/index.php?rest_route=\/wp\/v2\/types\/post"}],"author":[{"embeddable":true,"href":"https:\/\/www.diarioimagen.net\/index.php?rest_route=\/wp\/v2\/users\/3"}],"replies":[{"embeddable":true,"href":"https:\/\/www.diarioimagen.net\/index.php?rest_route=%2Fwp%2Fv2%2Fcomments&post=304784"}],"version-history":[{"count":0,"href":"https:\/\/www.diarioimagen.net\/index.php?rest_route=\/wp\/v2\/posts\/304784\/revisions"}],"wp:featuredmedia":[{"embeddable":true,"href":"https:\/\/www.diarioimagen.net\/index.php?rest_route=\/wp\/v2\/media\/304896"}],"wp:attachment":[{"href":"https:\/\/www.diarioimagen.net\/index.php?rest_route=%2Fwp%2Fv2%2Fmedia&parent=304784"}],"wp:term":[{"taxonomy":"category","embeddable":true,"href":"https:\/\/www.diarioimagen.net\/index.php?rest_route=%2Fwp%2Fv2%2Fcategories&post=304784"},{"taxonomy":"post_tag","embeddable":true,"href":"https:\/\/www.diarioimagen.net\/index.php?rest_route=%2Fwp%2Fv2%2Ftags&post=304784"}],"curies":[{"name":"wp","href":"https:\/\/api.w.org\/{rel}","templated":true}]}}