{"id":304805,"date":"2016-12-23T00:05:45","date_gmt":"2016-12-23T06:05:45","guid":{"rendered":"http:\/\/www.diarioimagen.net\/?p=304805"},"modified":"2016-12-23T04:07:08","modified_gmt":"2016-12-23T10:07:08","slug":"en-huixquilucan-gobernamos-juntos-afirma-vargas-del-villar","status":"publish","type":"post","link":"https:\/\/www.diarioimagen.net\/?p=304805","title":{"rendered":"En Huixquilucan gobernamos juntos, afirma Vargas del Villar"},"content":{"rendered":"<ul>\n<li><strong><em>Reuni\u00f3n con asociaciones de colonos<\/em><\/strong><\/li>\n<\/ul>\n<p>&nbsp;<\/p>\n<div id=\"attachment_304853\" style=\"width: 470px\" class=\"wp-caption aligncenter\"><a href=\"http:\/\/www.diarioimagen.net\/?attachment_id=304853\" rel=\"attachment wp-att-304853\"><img loading=\"lazy\" decoding=\"async\" aria-describedby=\"caption-attachment-304853\" class=\"size-large wp-image-304853\" src=\"http:\/\/www.diarioimagen.net\/wp-content\/uploads\/2016\/12\/HUIXQUILUCAN-3025-460x259.jpg\" alt=\"\" width=\"460\" height=\"259\" srcset=\"https:\/\/www.diarioimagen.net\/wp-content\/uploads\/2016\/12\/HUIXQUILUCAN-3025-460x259.jpg 460w, https:\/\/www.diarioimagen.net\/wp-content\/uploads\/2016\/12\/HUIXQUILUCAN-3025-240x135.jpg 240w, https:\/\/www.diarioimagen.net\/wp-content\/uploads\/2016\/12\/HUIXQUILUCAN-3025-235x132.jpg 235w, https:\/\/www.diarioimagen.net\/wp-content\/uploads\/2016\/12\/HUIXQUILUCAN-3025-202x114.jpg 202w, https:\/\/www.diarioimagen.net\/wp-content\/uploads\/2016\/12\/HUIXQUILUCAN-3025-350x196.jpg 350w, https:\/\/www.diarioimagen.net\/wp-content\/uploads\/2016\/12\/HUIXQUILUCAN-3025-220x123.jpg 220w, https:\/\/www.diarioimagen.net\/wp-content\/uploads\/2016\/12\/HUIXQUILUCAN-3025-237x132.jpg 237w, https:\/\/www.diarioimagen.net\/wp-content\/uploads\/2016\/12\/HUIXQUILUCAN-3025.jpg 480w\" sizes=\"auto, (max-width: 460px) 100vw, 460px\" \/><\/a><p id=\"caption-attachment-304853\" class=\"wp-caption-text\">Enrique Vargas del Villar se reuni\u00f3 con integrantes de asociaciones de colonos, a quienes reconoci\u00f3 el trabajo realizado durante este a\u00f1o.<\/p><\/div>\n<p>&nbsp;<\/p>\n<p><strong>Huixquilucan, Estado de M\u00e9xico<\/strong>.- El presidente, Enrique Vargas del Villar, se reuni\u00f3 con integrantes de asociaciones de colonos a quienes reconoci\u00f3 el trabajo realizado durante este a\u00f1o, los conmin\u00f3 a seguir as\u00ed y llevar a Huixquilucan a la consolidaci\u00f3n para que se convierta en el mejor municipio del pa\u00eds.<\/p>\n<p>Acompa\u00f1ado por vecinos de los fraccionamientos: Bosques de Las Lomas, Bosques de La Herradura, Paseo de Las Palmas, Hacienda de Las Palmas, La Herradura, Jes\u00fas del Monte, Magnocentro, Lomas de Las Palmas y Parques de La Herradura, coment\u00f3 que \u00e9ste acercamiento es muestra de que en Huixquilucan se gobierna junto con la sociedad.<\/p>\n<p>Vargas del Villar intercambi\u00f3 puntos de vista del trabajo realizado y escuch\u00f3 las recomendaciones y peticiones de los vecinos a quienes les inform\u00f3 de las obras de infraestructura que iniciaron y que continuar\u00e1n para el pr\u00f3ximo a\u00f1o, entre ellas, el reencarpetamiento de la avenida Magnocentro.<\/p>\n<p>Mencion\u00f3 que en breve dar\u00e1n inicio trabajos viales para agilizar el tr\u00e1fico que se registra en algunos puntos de la zona residencial y mejoras en algunas vialidades a las que ya les hace falta mantenimiento.<\/p>\n<p>\u201cSe iniciar\u00e1n obras como la de la Glorieta del Gato, trabajos en las inmediaciones\u00a0\u00a0del Hospital \u00c1ngeles de Interlomas, \u00a0adem\u00e1s se trabaja para abrir una v\u00eda paralela a la avenida Jes\u00fas del Monte que aliviar\u00e1 el tr\u00e1fico que se genera\u201d, resalt\u00f3 el alcalde.<\/p>\n<p>En materia social, expuso que se entregaron m\u00e1s de 7 mil becas escolares, miles de apoyos alimenticios y 4 mil incentivos econ\u00f3micos a igual n\u00famero de emprendedores, aunado al trabajo realizado por el Sistema Municipal DIF labor reconocida por el gobierno del Estado de M\u00e9xico, por la atenci\u00f3n que se ha dado a grupos vulnerables de la sociedad.<\/p>\n<p>&nbsp;<\/p>\n","protected":false},"excerpt":{"rendered":"<p>El presidente, Enrique Vargas del Villar, se reuni\u00f3 con integrantes de asociaciones de colonos a quienes reconoci\u00f3 el trabajo realizado durante este a\u00f1o, los conmin\u00f3 a seguir as\u00ed y llevar a Huixquilucan a la consolidaci\u00f3n para que se convierta en el mejor municipio del pa\u00eds.<\/p>\n","protected":false},"author":3,"featured_media":304853,"comment_status":"open","ping_status":"open","sticky":false,"template":"","format":"standard","meta":{"_monsterinsights_skip_tracking":false,"_monsterinsights_sitenote_active":false,"_monsterinsights_sitenote_note":"","_monsterinsights_sitenote_category":0,"footnotes":""},"categories":[35155],"tags":[43675,1097],"class_list":["post-304805","post","type-post","status-publish","format-standard","has-post-thumbnail","hentry","category-estado-de-mexico-estado-de-mexico","tag-estado-de-mexico","tag-huixquilucan"],"_links":{"self":[{"href":"https:\/\/www.diarioimagen.net\/index.php?rest_route=\/wp\/v2\/posts\/304805","targetHints":{"allow":["GET"]}}],"collection":[{"href":"https:\/\/www.diarioimagen.net\/index.php?rest_route=\/wp\/v2\/posts"}],"about":[{"href":"https:\/\/www.diarioimagen.net\/index.php?rest_route=\/wp\/v2\/types\/post"}],"author":[{"embeddable":true,"href":"https:\/\/www.diarioimagen.net\/index.php?rest_route=\/wp\/v2\/users\/3"}],"replies":[{"embeddable":true,"href":"https:\/\/www.diarioimagen.net\/index.php?rest_route=%2Fwp%2Fv2%2Fcomments&post=304805"}],"version-history":[{"count":0,"href":"https:\/\/www.diarioimagen.net\/index.php?rest_route=\/wp\/v2\/posts\/304805\/revisions"}],"wp:featuredmedia":[{"embeddable":true,"href":"https:\/\/www.diarioimagen.net\/index.php?rest_route=\/wp\/v2\/media\/304853"}],"wp:attachment":[{"href":"https:\/\/www.diarioimagen.net\/index.php?rest_route=%2Fwp%2Fv2%2Fmedia&parent=304805"}],"wp:term":[{"taxonomy":"category","embeddable":true,"href":"https:\/\/www.diarioimagen.net\/index.php?rest_route=%2Fwp%2Fv2%2Fcategories&post=304805"},{"taxonomy":"post_tag","embeddable":true,"href":"https:\/\/www.diarioimagen.net\/index.php?rest_route=%2Fwp%2Fv2%2Ftags&post=304805"}],"curies":[{"name":"wp","href":"https:\/\/api.w.org\/{rel}","templated":true}]}}