{"id":304807,"date":"2016-12-23T00:04:52","date_gmt":"2016-12-23T06:04:52","guid":{"rendered":"http:\/\/www.diarioimagen.net\/?p=304807"},"modified":"2016-12-23T04:15:12","modified_gmt":"2016-12-23T10:15:12","slug":"realiza-pri-cuautitlan-gran-posada-navidena","status":"publish","type":"post","link":"https:\/\/www.diarioimagen.net\/?p=304807","title":{"rendered":"Realiza PRI Cuautitl\u00e1n gran posada navide\u00f1a"},"content":{"rendered":"<p><a href=\"http:\/\/www.diarioimagen.net\/?attachment_id=304864\" rel=\"attachment wp-att-304864\"><img loading=\"lazy\" decoding=\"async\" class=\"aligncenter size-large wp-image-304864\" src=\"http:\/\/www.diarioimagen.net\/wp-content\/uploads\/2016\/12\/CUAUTITLAN-3025-460x259.jpg\" alt=\"\" width=\"460\" height=\"259\" srcset=\"https:\/\/www.diarioimagen.net\/wp-content\/uploads\/2016\/12\/CUAUTITLAN-3025-460x259.jpg 460w, https:\/\/www.diarioimagen.net\/wp-content\/uploads\/2016\/12\/CUAUTITLAN-3025-240x135.jpg 240w, https:\/\/www.diarioimagen.net\/wp-content\/uploads\/2016\/12\/CUAUTITLAN-3025-235x132.jpg 235w, https:\/\/www.diarioimagen.net\/wp-content\/uploads\/2016\/12\/CUAUTITLAN-3025-202x114.jpg 202w, https:\/\/www.diarioimagen.net\/wp-content\/uploads\/2016\/12\/CUAUTITLAN-3025-350x196.jpg 350w, https:\/\/www.diarioimagen.net\/wp-content\/uploads\/2016\/12\/CUAUTITLAN-3025-220x123.jpg 220w, https:\/\/www.diarioimagen.net\/wp-content\/uploads\/2016\/12\/CUAUTITLAN-3025-237x132.jpg 237w, https:\/\/www.diarioimagen.net\/wp-content\/uploads\/2016\/12\/CUAUTITLAN-3025.jpg 480w\" sizes=\"auto, (max-width: 460px) 100vw, 460px\" \/><\/a><\/p>\n<p>&nbsp;<\/p>\n<p><strong>Cuautitl\u00e1n, Estado de M\u00e9xico.-<\/strong> Teniendo como escenario el estacionamiento de Plaza la V\u00eda, se llev\u00f3 a cabo la posada navide\u00f1a del Comit\u00e9 Municipal del PRI en Cuautitl\u00e1n, encabezado por\u00a0 Jes\u00fas Reyes Gallardo. Dicha posada se realiz\u00f3 en conjunto con la estaci\u00f3n de radio \u201cBengala 103.7 FM, la m\u00e1s prendida\u201d y estuvo conducida por uno de sus locutores m\u00e1s conocidos Diego Oswaldo de Anda alias \u201cEl Gallo\u201d.<\/p>\n","protected":false},"excerpt":{"rendered":"<p> Teniendo como escenario el estacionamiento de Plaza la V\u00eda, se llev\u00f3 a cabo la posada navide\u00f1a del Comit\u00e9 Municipal del PRI en Cuautitl\u00e1n, encabezado por  Jes\u00fas Reyes Gallardo. Dicha posada se realiz\u00f3 en conjunto con la estaci\u00f3n de radio \u201cBengala 103.7 FM, la m\u00e1s prendida\u201d y estuvo conducida por uno de sus locutores m\u00e1s conocidos Diego Oswaldo de Anda alias \u201cEl Gallo\u201d.<\/p>\n","protected":false},"author":3,"featured_media":304864,"comment_status":"open","ping_status":"open","sticky":false,"template":"","format":"standard","meta":{"_monsterinsights_skip_tracking":false,"_monsterinsights_sitenote_active":false,"_monsterinsights_sitenote_note":"","_monsterinsights_sitenote_category":0,"footnotes":""},"categories":[35155],"tags":[681,43675,105],"class_list":["post-304807","post","type-post","status-publish","format-standard","has-post-thumbnail","hentry","category-estado-de-mexico-estado-de-mexico","tag-cuautitlan","tag-estado-de-mexico","tag-navidad"],"_links":{"self":[{"href":"https:\/\/www.diarioimagen.net\/index.php?rest_route=\/wp\/v2\/posts\/304807","targetHints":{"allow":["GET"]}}],"collection":[{"href":"https:\/\/www.diarioimagen.net\/index.php?rest_route=\/wp\/v2\/posts"}],"about":[{"href":"https:\/\/www.diarioimagen.net\/index.php?rest_route=\/wp\/v2\/types\/post"}],"author":[{"embeddable":true,"href":"https:\/\/www.diarioimagen.net\/index.php?rest_route=\/wp\/v2\/users\/3"}],"replies":[{"embeddable":true,"href":"https:\/\/www.diarioimagen.net\/index.php?rest_route=%2Fwp%2Fv2%2Fcomments&post=304807"}],"version-history":[{"count":0,"href":"https:\/\/www.diarioimagen.net\/index.php?rest_route=\/wp\/v2\/posts\/304807\/revisions"}],"wp:featuredmedia":[{"embeddable":true,"href":"https:\/\/www.diarioimagen.net\/index.php?rest_route=\/wp\/v2\/media\/304864"}],"wp:attachment":[{"href":"https:\/\/www.diarioimagen.net\/index.php?rest_route=%2Fwp%2Fv2%2Fmedia&parent=304807"}],"wp:term":[{"taxonomy":"category","embeddable":true,"href":"https:\/\/www.diarioimagen.net\/index.php?rest_route=%2Fwp%2Fv2%2Fcategories&post=304807"},{"taxonomy":"post_tag","embeddable":true,"href":"https:\/\/www.diarioimagen.net\/index.php?rest_route=%2Fwp%2Fv2%2Ftags&post=304807"}],"curies":[{"name":"wp","href":"https:\/\/api.w.org\/{rel}","templated":true}]}}