{"id":304952,"date":"2017-01-02T00:09:05","date_gmt":"2017-01-02T06:09:05","guid":{"rendered":"http:\/\/www.diarioimagen.net\/?p=304952"},"modified":"2017-01-01T22:47:03","modified_gmt":"2017-01-02T04:47:03","slug":"entra-en-vigor-salario-minimo-de-80-04-pesos","status":"publish","type":"post","link":"https:\/\/www.diarioimagen.net\/?p=304952","title":{"rendered":"Entra en vigor salario m\u00ednimo de 80.04 pesos"},"content":{"rendered":"<ul>\n<li><strong><em>El m\u00e1s alto en 17 a\u00f1os<\/em><\/strong><\/li>\n<\/ul>\n<p>&nbsp;<\/p>\n<div id=\"attachment_304953\" style=\"width: 470px\" class=\"wp-caption aligncenter\"><a href=\"http:\/\/www.diarioimagen.net\/?attachment_id=304953\" rel=\"attachment wp-att-304953\"><img loading=\"lazy\" decoding=\"async\" aria-describedby=\"caption-attachment-304953\" class=\"wp-image-304953 size-large\" src=\"http:\/\/www.diarioimagen.net\/wp-content\/uploads\/2017\/01\/SALARIOS2-portal-460x268.jpg\" width=\"460\" height=\"268\" srcset=\"https:\/\/www.diarioimagen.net\/wp-content\/uploads\/2017\/01\/SALARIOS2-portal-460x268.jpg 460w, https:\/\/www.diarioimagen.net\/wp-content\/uploads\/2017\/01\/SALARIOS2-portal-240x140.jpg 240w, https:\/\/www.diarioimagen.net\/wp-content\/uploads\/2017\/01\/SALARIOS2-portal.jpg 480w\" sizes=\"auto, (max-width: 460px) 100vw, 460px\" \/><\/a><p id=\"caption-attachment-304953\" class=\"wp-caption-text\">Entr\u00f3 en vigor el nuevo salario m\u00ednimo en M\u00e9xico de 80.04 pesos diarios.<\/p><\/div>\n<p>&nbsp;<\/p>\n<p>Ayer domingo entr\u00f3 en vigor el nuevo salario m\u00ednimo en M\u00e9xico, de 80.04 pesos diarios, que representa el incremento en pesos m\u00e1s alto de los \u00faltimos 17 a\u00f1os.<\/p>\n<p>Con este aumento, por primera vez en cuatro d\u00e9cadas, el salario m\u00ednimo recupera 15 por ciento su poder adquisitivo, luego de que el pasado 1 de diciembre el Consejo de Representantes de la Comisi\u00f3n Nacional de los Salarios M\u00ednimos (Conasami) decidi\u00f3 elevarlo de 73.04 a 80.04 pesos diarios.<\/p>\n<p>De acuerdo con el gobierno federal, tal incremento, sin precedentes, representa 9.5 por ciento m\u00e1s que el salario m\u00ednimo vigente de 2016.<\/p>\n<p>As\u00ed, con base en cifras del INEGI y el Coneval, el ingreso de los trabajadores que ganan esta percepci\u00f3n ha tenido una recuperaci\u00f3n de 578 pesos mensuales en lo que va de la presente administraci\u00f3n federal.<\/p>\n<p>\u201cCon esta decisi\u00f3n, en cuatro a\u00f1os, se ha tenido el mayor avance que en los 40 a\u00f1os previos y es la primera vez, en cuatro d\u00e9cadas, que hay una recuperaci\u00f3n de 15 por ciento del poder adquisitivo real del salario\u201d, precis\u00f3.<\/p>\n<p>En su momento, el presidente Enrique Pe\u00f1a Nieto hizo un reconocimiento a la Comisi\u00f3n Nacional de los Salarios M\u00ednimos por aprobar de manera un\u00e1nime el incremento al salario m\u00ednimo, por arriba de los ochenta pesos.<\/p>\n<p>Destac\u00f3 que esta es la primera vez que hay una recuperaci\u00f3n real del salario m\u00ednimo, de quince por ciento, \u201clo que no ocurr\u00eda desde hace cuarenta a\u00f1os\u201d.<\/p>\n<p>Cabe se\u00f1alar que tambi\u00e9n a partir del 1 de enero, los salarios m\u00ednimos profesionales tienen un aumento circunscrito al incremento de fijaci\u00f3n, es decir, de 3.9 por ciento.<\/p>\n<p>De acuerdo con el Consejo de Representantes de la Comisi\u00f3n Nacional de Salarios M\u00ednimos (un organismo tripartito), el acuerdo de alza al mini salario fue tomado por unanimidad.<\/p>\n<p>Consiste en otorgar un aumento constituido por el Monto Independiente de Recuperaci\u00f3n (MIR) de cuatro pesos diarios al salario m\u00ednimo general con el objeto de apoyar la recuperaci\u00f3n, \u00fanica y exclusivamente, de los trabajadores asalariados que perciben el salario m\u00ednimo general.<\/p>\n<p>El prop\u00f3sito es hacer posible que se recupere el poder adquisitivo de los trabajadores asalariados que perciben un salario m\u00ednimo general y para que \u00e9ste se cumpla no debe repercutirse en los precios de los bienes y servicios que consumen las familias, indic\u00f3.<\/p>\n<p>\u201cEsta unidad permite seguir construyendo y consolidando un sector laboral fuerte, din\u00e1mico y m\u00e1s justo, que reconozca el esfuerzo de los trabajadores y eleve la productividad de las empresas\u201d, puntualiz\u00f3 en su momento el titular de la Secretar\u00eda del Trabajo y Previsi\u00f3n Social (STPS), Alfonso Navarrete Prida.<\/p>\n<p>&nbsp;<\/p>\n","protected":false},"excerpt":{"rendered":"<p>Ayer domingo entr\u00f3 en vigor el nuevo salario m\u00ednimo en M\u00e9xico, de 80.04 pesos diarios, que representa el incremento en pesos m\u00e1s alto de los \u00faltimos 17 a\u00f1os. Con este aumento, por primera vez en cuatro d\u00e9cadas, el salario m\u00ednimo recupera 15 por ciento su poder adquisitivo, luego de que el pasado 1 de diciembre el Consejo de Representantes de la Comisi\u00f3n Nacional de los Salarios M\u00ednimos (Conasami) decidi\u00f3 elevarlo de 73.04 a 80.04 pesos diarios.<\/p>\n","protected":false},"author":5,"featured_media":304953,"comment_status":"open","ping_status":"open","sticky":false,"template":"","format":"standard","meta":{"_monsterinsights_skip_tracking":false,"_monsterinsights_sitenote_active":false,"_monsterinsights_sitenote_note":"","_monsterinsights_sitenote_category":0,"footnotes":""},"categories":[8],"tags":[24425,21300,191,43678,193,16104,2538],"class_list":["post-304952","post","type-post","status-publish","format-standard","has-post-thumbnail","hentry","category-finanzas","tag-alza","tag-comision-nacional-de-los-salarios-minimos","tag-coneval","tag-finanzas","tag-inegi","tag-salario-minimo","tag-secretaria-del-trabajo"],"_links":{"self":[{"href":"https:\/\/www.diarioimagen.net\/index.php?rest_route=\/wp\/v2\/posts\/304952","targetHints":{"allow":["GET"]}}],"collection":[{"href":"https:\/\/www.diarioimagen.net\/index.php?rest_route=\/wp\/v2\/posts"}],"about":[{"href":"https:\/\/www.diarioimagen.net\/index.php?rest_route=\/wp\/v2\/types\/post"}],"author":[{"embeddable":true,"href":"https:\/\/www.diarioimagen.net\/index.php?rest_route=\/wp\/v2\/users\/5"}],"replies":[{"embeddable":true,"href":"https:\/\/www.diarioimagen.net\/index.php?rest_route=%2Fwp%2Fv2%2Fcomments&post=304952"}],"version-history":[{"count":0,"href":"https:\/\/www.diarioimagen.net\/index.php?rest_route=\/wp\/v2\/posts\/304952\/revisions"}],"wp:featuredmedia":[{"embeddable":true,"href":"https:\/\/www.diarioimagen.net\/index.php?rest_route=\/wp\/v2\/media\/304953"}],"wp:attachment":[{"href":"https:\/\/www.diarioimagen.net\/index.php?rest_route=%2Fwp%2Fv2%2Fmedia&parent=304952"}],"wp:term":[{"taxonomy":"category","embeddable":true,"href":"https:\/\/www.diarioimagen.net\/index.php?rest_route=%2Fwp%2Fv2%2Fcategories&post=304952"},{"taxonomy":"post_tag","embeddable":true,"href":"https:\/\/www.diarioimagen.net\/index.php?rest_route=%2Fwp%2Fv2%2Ftags&post=304952"}],"curies":[{"name":"wp","href":"https:\/\/api.w.org\/{rel}","templated":true}]}}