{"id":305031,"date":"2017-01-02T00:07:01","date_gmt":"2017-01-02T06:07:01","guid":{"rendered":"http:\/\/www.diarioimagen.net\/?p=305031"},"modified":"2017-01-02T23:19:00","modified_gmt":"2017-01-03T05:19:00","slug":"a-las-urnas-este-ano-casi-14-millones-de-mexicanos","status":"publish","type":"post","link":"https:\/\/www.diarioimagen.net\/?p=305031","title":{"rendered":"A las urnas este a\u00f1o, casi 14 millones de mexicanos"},"content":{"rendered":"<ul>\n<li><strong><em>Edomex, laboratorio de elecci\u00f3n presidencial<\/em><\/strong><\/li>\n<\/ul>\n<p>&nbsp;<\/p>\n<div id=\"attachment_305148\" style=\"width: 470px\" class=\"wp-caption aligncenter\"><a href=\"http:\/\/www.diarioimagen.net\/?attachment_id=305148\" rel=\"attachment wp-att-305148\"><img loading=\"lazy\" decoding=\"async\" aria-describedby=\"caption-attachment-305148\" class=\"size-large wp-image-305148\" src=\"http:\/\/www.diarioimagen.net\/wp-content\/uploads\/2017\/01\/ELECCIONES-3026-460x259.jpg\" alt=\"\" width=\"460\" height=\"259\" srcset=\"https:\/\/www.diarioimagen.net\/wp-content\/uploads\/2017\/01\/ELECCIONES-3026-460x259.jpg 460w, https:\/\/www.diarioimagen.net\/wp-content\/uploads\/2017\/01\/ELECCIONES-3026-240x135.jpg 240w, https:\/\/www.diarioimagen.net\/wp-content\/uploads\/2017\/01\/ELECCIONES-3026-235x132.jpg 235w, https:\/\/www.diarioimagen.net\/wp-content\/uploads\/2017\/01\/ELECCIONES-3026-202x114.jpg 202w, https:\/\/www.diarioimagen.net\/wp-content\/uploads\/2017\/01\/ELECCIONES-3026-350x196.jpg 350w, https:\/\/www.diarioimagen.net\/wp-content\/uploads\/2017\/01\/ELECCIONES-3026-220x123.jpg 220w, https:\/\/www.diarioimagen.net\/wp-content\/uploads\/2017\/01\/ELECCIONES-3026-237x132.jpg 237w, https:\/\/www.diarioimagen.net\/wp-content\/uploads\/2017\/01\/ELECCIONES-3026.jpg 480w\" sizes=\"auto, (max-width: 460px) 100vw, 460px\" \/><\/a><p id=\"caption-attachment-305148\" class=\"wp-caption-text\">Casi 14 millones de mexicanos podr\u00e1n ejercer su derecho al sufragio este a\u00f1o.<\/p><\/div>\n<p>&nbsp;<\/p>\n<p>Este a\u00f1o habr\u00e1 elecciones en el Estado de M\u00e9xico, Coahuila, Nayarit y Veracruz, donde casi 14 millones de mexicanos podr\u00e1n ejercer su derecho al sufragio, aunque la importancia de este proceso reside en la correlaci\u00f3n de fuerzas pol\u00edticas rumbo al 2018, asever\u00f3 el analista pol\u00edtico, Hugo Go\u00f1i Cabello.<\/p>\n<p>Destac\u00f3 que en dos de las tres entidades donde se elegir\u00e1 gobernador no ha habido alternancia en 87 a\u00f1os: el Estado de M\u00e9xico y Coahuila, el primero considerado como un \u201claboratorio\u201d de las elecciones federales o presidenciales.<\/p>\n<p>\u201cEs decir, que puede tener una cara de representatividad del conjunto del electorado del pa\u00eds, por diversos factores como su mosaico cultural, su ubicaci\u00f3n geogr\u00e1fica y cercan\u00eda a la Ciudad de M\u00e9xico, entre otras\u201d, explic\u00f3 Go\u00f1i Cabello.<\/p>\n<p>Destac\u00f3 que otra caracter\u00edstica de este proceso es que en las elecciones para gobernador habr\u00e1 conteo r\u00e1pido, el cual es el mecanismo de informaci\u00f3n electoral preliminar m\u00e1s certero y eficaz con que cuenta el sistema electoral mexicano.<\/p>\n<p>\u201cCumple fehacientemente con los principios rectores de la funci\u00f3n electoral, generando certeza\u201d, asever\u00f3 el tambi\u00e9n director general de la Consultor\u00eda Candidatos y Campa\u00f1as.<\/p>\n<p>Tambi\u00e9n en el caso del Estado de M\u00e9xico y Coahuila se implementar\u00e1 el voto en el extranjero, donde la entidad del norte ha sido pionera en el voto electr\u00f3nico al confeccionar su propio Instituto Electoral urnas que se usaron en la d\u00e9cada desde 2000.<\/p>\n<p>Go\u00f1i Cabello record\u00f3 en ese sentido que en 2018 se utilizar\u00e1 el voto electr\u00f3nico para los connacionales que radican el exterior para la elecci\u00f3n de Presidente de la Rep\u00fablica.<\/p>\n<p>En su opini\u00f3n, M\u00e9xico est\u00e1 listo para implementar votaciones nacionales mediante plataformas electr\u00f3nicas o quioscos de votaci\u00f3n, pero la legislaci\u00f3n no lo permite ni las recientes reformas electorales, a pesar de que ofrece mayor transparencia y auditabilidad.<\/p>\n<p>Resalt\u00f3 por otra parte que para este a\u00f1o y arando el camino para tener una plataforma nacional para los PREP en 2018 el INE aprob\u00f3 una estrategia para tomar en sus manos la supervisi\u00f3n de esa herramienta en las elecciones del Estado de M\u00e9xico, Coahuila, Nayarit y Veracruz.<\/p>\n<p>A decir del analista pol\u00edtico, lo id\u00f3neo, y la magnitud lo avala, es que se creara una instancia ejecutiva, es decir otra unidad t\u00e9cnica que operara e implementara los sistemas de informaci\u00f3n electoral preliminar: los conteos r\u00e1pidos y los PREP.<\/p>\n<p>Lo que en 1991 fue el prototipo del PREP y 1994 ya propiamente a nivel federal ahora es un tarea que no puede estar subsumida en un \u00e1rea que de por s\u00ed est\u00e1 asfixiada con tantas tareas y responsabilidades, opin\u00f3 el excoordinador de Conteo R\u00e1pido del otrora IFE.<\/p>\n<p>\u201cEl plan es el primer paso para, en 2018, homologar en todo el pa\u00eds la eficiencia del PREP que opera el INE en cada elecci\u00f3n federal, y que fluya la informaci\u00f3n sobre resultados preliminares locales con rapidez, sin problemas inform\u00e1ticos, por falta de infraestructura tecnol\u00f3gica o por falta de capacitaci\u00f3n del personal\u201d, se\u00f1al\u00f3.<\/p>\n<p>Ante este escenario, dijo, preocupa el caso de las elecciones para los 212 ayuntamientos de Veracruz, ya que el OPLE veracruzano se ha manifestado administrativamente incapaz, \u201cveremos si el INE asume la facultad de atracci\u00f3n en este caso, con que lo faculta la LEGIPE\u201d, finaliz\u00f3 Go\u00f1i Cavello.<\/p>\n<p>A su vez el presidente del INE, Lorenzo C\u00f3rdova, destac\u00f3 que 2017 es un a\u00f1o \u201cclave\u201d para los comicios presidenciales del pr\u00f3ximo a\u00f1o.<\/p>\n<p>En esas cuatro contiendas -tres gobernadas por el PRI- estar\u00e1n en juego adem\u00e1s 38 ayuntamientos de Coahuila y 20 de Nayarit y se elegir\u00e1n en conjunto 34 diputaciones de mayor\u00eda relativa, 21 de representaci\u00f3n proporcional, as\u00ed como 197 regidur\u00edas.<\/p>\n<p>As\u00ed, al tiempo que refuerza la coordinaci\u00f3n con los organismos electorales de los cuatro estados con comicios en 2017, el INE inici\u00f3 los trabajos preparatorios rumbo a la elecci\u00f3n federal del 2018.<\/p>\n<p>C\u00f3rdova Vianello hizo hincapi\u00e9 que a diferencia de otros procesos comiciales el pr\u00f3ximo a\u00f1o todo el personal del Instituto operar\u00e1 la elecci\u00f3n federal y acompa\u00f1ar\u00e1 las elecciones locales.<\/p>\n<p>Esto es \u201cno vamos a poder comisionar gente en los estados donde hay elecciones para apoyar la elecci\u00f3n local. Por eso necesitamos a Organismos P\u00fablicos Locales Electorales (OPLE), que est\u00e9n al 100 por ciento de sus capacidades operativas y que acompa\u00f1en el trabajo del INE\u201d.<\/p>\n<p>Punto clave de ello ser\u00e1n los sistemas inform\u00e1ticos que deber\u00e1n operar en la contienda federal y las locales, como el Programa de Resultados Electorales Preliminares (PREP) o el Sistema de Informaci\u00f3n de la Jornada Electoral (SIJE), los cuales tendr\u00e1n que estar listos antes de cada contienda.<\/p>\n<p>Lo anterior a fin de que durante 2017 y los seis meses previos a la elecci\u00f3n del 2018 que inician en septiembre del pr\u00f3ximo a\u00f1o hagan simulacro, se pongan a prueba todos los sistemas inform\u00e1ticos \u201cuna, otra otra vez para eventualmente hacer los ajustes que necesitemos\u201d, concluy\u00f3.<\/p>\n<p>&nbsp;<\/p>\n","protected":false},"excerpt":{"rendered":"<p>Este a\u00f1o habr\u00e1 elecciones en el Estado de M\u00e9xico, Coahuila, Nayarit y Veracruz, donde casi 14 millones de mexicanos podr\u00e1n ejercer su derecho al sufragio, aunque la importancia de este proceso reside en la correlaci\u00f3n de fuerzas pol\u00edticas rumbo al 2018, asever\u00f3 el analista pol\u00edtico, Hugo Go\u00f1i Cabello.<\/p>\n","protected":false},"author":3,"featured_media":305148,"comment_status":"open","ping_status":"open","sticky":false,"template":"","format":"standard","meta":{"_monsterinsights_skip_tracking":false,"_monsterinsights_sitenote_active":false,"_monsterinsights_sitenote_note":"","_monsterinsights_sitenote_category":0,"footnotes":""},"categories":[3],"tags":[38,5550,798,43675,29347,2663,52],"class_list":["post-305031","post","type-post","status-publish","format-standard","has-post-thumbnail","hentry","category-nacional","tag-coahuila","tag-comicios","tag-elecciones","tag-estado-de-mexico","tag-ine","tag-nayarit","tag-veracruz"],"_links":{"self":[{"href":"https:\/\/www.diarioimagen.net\/index.php?rest_route=\/wp\/v2\/posts\/305031","targetHints":{"allow":["GET"]}}],"collection":[{"href":"https:\/\/www.diarioimagen.net\/index.php?rest_route=\/wp\/v2\/posts"}],"about":[{"href":"https:\/\/www.diarioimagen.net\/index.php?rest_route=\/wp\/v2\/types\/post"}],"author":[{"embeddable":true,"href":"https:\/\/www.diarioimagen.net\/index.php?rest_route=\/wp\/v2\/users\/3"}],"replies":[{"embeddable":true,"href":"https:\/\/www.diarioimagen.net\/index.php?rest_route=%2Fwp%2Fv2%2Fcomments&post=305031"}],"version-history":[{"count":0,"href":"https:\/\/www.diarioimagen.net\/index.php?rest_route=\/wp\/v2\/posts\/305031\/revisions"}],"wp:featuredmedia":[{"embeddable":true,"href":"https:\/\/www.diarioimagen.net\/index.php?rest_route=\/wp\/v2\/media\/305148"}],"wp:attachment":[{"href":"https:\/\/www.diarioimagen.net\/index.php?rest_route=%2Fwp%2Fv2%2Fmedia&parent=305031"}],"wp:term":[{"taxonomy":"category","embeddable":true,"href":"https:\/\/www.diarioimagen.net\/index.php?rest_route=%2Fwp%2Fv2%2Fcategories&post=305031"},{"taxonomy":"post_tag","embeddable":true,"href":"https:\/\/www.diarioimagen.net\/index.php?rest_route=%2Fwp%2Fv2%2Ftags&post=305031"}],"curies":[{"name":"wp","href":"https:\/\/api.w.org\/{rel}","templated":true}]}}