{"id":305054,"date":"2017-01-02T00:02:50","date_gmt":"2017-01-02T06:02:50","guid":{"rendered":"http:\/\/www.diarioimagen.net\/?p=305054"},"modified":"2017-01-02T02:49:27","modified_gmt":"2017-01-02T08:49:27","slug":"alista-metepec-obsequios-para-los-contribuyentes-cumplidos","status":"publish","type":"post","link":"https:\/\/www.diarioimagen.net\/?p=305054","title":{"rendered":"Alista Metepec obsequios para los contribuyentes cumplidos"},"content":{"rendered":"<p><a href=\"http:\/\/www.diarioimagen.net\/?attachment_id=305134\" rel=\"attachment wp-att-305134\"><img loading=\"lazy\" decoding=\"async\" class=\"aligncenter size-large wp-image-305134\" src=\"http:\/\/www.diarioimagen.net\/wp-content\/uploads\/2017\/01\/METEPEC-3026-460x259.jpg\" alt=\"\" width=\"460\" height=\"259\" srcset=\"https:\/\/www.diarioimagen.net\/wp-content\/uploads\/2017\/01\/METEPEC-3026-460x259.jpg 460w, https:\/\/www.diarioimagen.net\/wp-content\/uploads\/2017\/01\/METEPEC-3026-240x135.jpg 240w, https:\/\/www.diarioimagen.net\/wp-content\/uploads\/2017\/01\/METEPEC-3026-235x132.jpg 235w, https:\/\/www.diarioimagen.net\/wp-content\/uploads\/2017\/01\/METEPEC-3026-202x114.jpg 202w, https:\/\/www.diarioimagen.net\/wp-content\/uploads\/2017\/01\/METEPEC-3026-350x196.jpg 350w, https:\/\/www.diarioimagen.net\/wp-content\/uploads\/2017\/01\/METEPEC-3026-220x123.jpg 220w, https:\/\/www.diarioimagen.net\/wp-content\/uploads\/2017\/01\/METEPEC-3026-237x132.jpg 237w, https:\/\/www.diarioimagen.net\/wp-content\/uploads\/2017\/01\/METEPEC-3026.jpg 480w\" sizes=\"auto, (max-width: 460px) 100vw, 460px\" \/><\/a><\/p>\n<p>&nbsp;<\/p>\n<p><strong>Metepec, Estado de M\u00e9xico.-<\/strong>\u00a0Como ya es una tradici\u00f3n, el gobierno de Metepec dispone de artesan\u00edas t\u00edpicas tanto utilitarias como decorativas, para obsequiar en ventanilla a los contribuyentes durante los primeros meses de este a\u00f1o, y con ello incentivar el cumplimiento del pago en el impuesto predial e impl\u00edcitamente fomentar la identidad del municipio.<\/p>\n","protected":false},"excerpt":{"rendered":"<p>Como ya es una tradici\u00f3n, el gobierno de Metepec dispone de artesan\u00edas t\u00edpicas tanto utilitarias como decorativas, para obsequiar en ventanilla a los contribuyentes durante los primeros meses de este a\u00f1o, y con ello incentivar el cumplimiento del pago en el impuesto predial e impl\u00edcitamente fomentar la identidad del municipio.<\/p>\n","protected":false},"author":3,"featured_media":305134,"comment_status":"open","ping_status":"open","sticky":false,"template":"","format":"standard","meta":{"_monsterinsights_skip_tracking":false,"_monsterinsights_sitenote_active":false,"_monsterinsights_sitenote_note":"","_monsterinsights_sitenote_category":0,"footnotes":""},"categories":[35155],"tags":[10490,46107,43675,876],"class_list":["post-305054","post","type-post","status-publish","format-standard","has-post-thumbnail","hentry","category-estado-de-mexico-estado-de-mexico","tag-contribuyentes","tag-cumplidos","tag-estado-de-mexico","tag-metepec"],"_links":{"self":[{"href":"https:\/\/www.diarioimagen.net\/index.php?rest_route=\/wp\/v2\/posts\/305054","targetHints":{"allow":["GET"]}}],"collection":[{"href":"https:\/\/www.diarioimagen.net\/index.php?rest_route=\/wp\/v2\/posts"}],"about":[{"href":"https:\/\/www.diarioimagen.net\/index.php?rest_route=\/wp\/v2\/types\/post"}],"author":[{"embeddable":true,"href":"https:\/\/www.diarioimagen.net\/index.php?rest_route=\/wp\/v2\/users\/3"}],"replies":[{"embeddable":true,"href":"https:\/\/www.diarioimagen.net\/index.php?rest_route=%2Fwp%2Fv2%2Fcomments&post=305054"}],"version-history":[{"count":0,"href":"https:\/\/www.diarioimagen.net\/index.php?rest_route=\/wp\/v2\/posts\/305054\/revisions"}],"wp:featuredmedia":[{"embeddable":true,"href":"https:\/\/www.diarioimagen.net\/index.php?rest_route=\/wp\/v2\/media\/305134"}],"wp:attachment":[{"href":"https:\/\/www.diarioimagen.net\/index.php?rest_route=%2Fwp%2Fv2%2Fmedia&parent=305054"}],"wp:term":[{"taxonomy":"category","embeddable":true,"href":"https:\/\/www.diarioimagen.net\/index.php?rest_route=%2Fwp%2Fv2%2Fcategories&post=305054"},{"taxonomy":"post_tag","embeddable":true,"href":"https:\/\/www.diarioimagen.net\/index.php?rest_route=%2Fwp%2Fv2%2Ftags&post=305054"}],"curies":[{"name":"wp","href":"https:\/\/api.w.org\/{rel}","templated":true}]}}