{"id":305057,"date":"2017-01-02T00:02:19","date_gmt":"2017-01-02T06:02:19","guid":{"rendered":"http:\/\/www.diarioimagen.net\/?p=305057"},"modified":"2017-01-02T23:18:31","modified_gmt":"2017-01-03T05:18:31","slug":"exige-pan-al-gobierno-explicar-medidas-ante-ajustes","status":"publish","type":"post","link":"https:\/\/www.diarioimagen.net\/?p=305057","title":{"rendered":"Exige PAN al gobierno explicar medidas ante ajustes"},"content":{"rendered":"<ul>\n<li><strong><em>Piden comparezca Meade y Gonz\u00e1lez Anaya<\/em><\/strong><\/li>\n<\/ul>\n<p>&nbsp;<\/p>\n<div id=\"attachment_305164\" style=\"width: 470px\" class=\"wp-caption aligncenter\"><a href=\"http:\/\/www.diarioimagen.net\/?attachment_id=305164\" rel=\"attachment wp-att-305164\"><img loading=\"lazy\" decoding=\"async\" aria-describedby=\"caption-attachment-305164\" class=\"size-large wp-image-305164\" src=\"http:\/\/www.diarioimagen.net\/wp-content\/uploads\/2017\/01\/panista-3026-460x259.jpg\" alt=\"\" width=\"460\" height=\"259\" srcset=\"https:\/\/www.diarioimagen.net\/wp-content\/uploads\/2017\/01\/panista-3026-460x259.jpg 460w, https:\/\/www.diarioimagen.net\/wp-content\/uploads\/2017\/01\/panista-3026-240x135.jpg 240w, https:\/\/www.diarioimagen.net\/wp-content\/uploads\/2017\/01\/panista-3026-235x132.jpg 235w, https:\/\/www.diarioimagen.net\/wp-content\/uploads\/2017\/01\/panista-3026-202x114.jpg 202w, https:\/\/www.diarioimagen.net\/wp-content\/uploads\/2017\/01\/panista-3026-350x196.jpg 350w, https:\/\/www.diarioimagen.net\/wp-content\/uploads\/2017\/01\/panista-3026-220x123.jpg 220w, https:\/\/www.diarioimagen.net\/wp-content\/uploads\/2017\/01\/panista-3026-237x132.jpg 237w, https:\/\/www.diarioimagen.net\/wp-content\/uploads\/2017\/01\/panista-3026.jpg 480w\" sizes=\"auto, (max-width: 460px) 100vw, 460px\" \/><\/a><p id=\"caption-attachment-305164\" class=\"wp-caption-text\">Fernando Herrera \u00c1vila.<\/p><\/div>\n<p>&nbsp;<\/p>\n<p>La bancada del Partido Acci\u00f3n Nacional (PAN) en el Senado exigi\u00f3 al gobierno de Enrique Pe\u00f1a Nieto \u201cdar la cara\u201d para explicar las acciones que tomar\u00e1 para atemperar el aumento en el precio de las gasolinas, resultado de la reforma fiscal, de acuerdo con Fernando Herrera \u00c1vila, coordinador del grupo parlamentario.<\/p>\n<p>Fernando Herrera asegur\u00f3 que en pr\u00f3xima sesi\u00f3n de la Comisi\u00f3n Permanente, a realizarse este mi\u00e9rcoles, los panistas solicitar\u00e1n la comparecencia del secretario de Hacienda y Cr\u00e9dito P\u00fablico, Jos\u00e9 Antonio Meade y del director de Petr\u00f3leos Mexicanos (Pemex), Jos\u00e9 Antonio Gonz\u00e1lez Anaya.<\/p>\n<p>Luego de que el PAN aprob\u00f3 la reforma energ\u00e9tica y el paquete presupuestal que permiti\u00f3 la liberalizaci\u00f3n en el precio de los combustibles, Herrera \u00c1vila se\u00f1al\u00f3 que el gobierno priista se ha caracterizado por su falta de habilidad para comunicar y establecer v\u00ednculos con la sociedad.<\/p>\n<p>\u201cHacen cosas buenas que terminan pareciendo malas y hacen cosas malas que evidentemente son muy malas y una de ellas la estamos viviendo\u201d, expuso el coordinador albiazul.<\/p>\n<p>Fernando Herrera asegur\u00f3 que en los primeros 11 meses de 2016, el gobierno recaud\u00f3 263 mil 545 millones de pesos\u00a0 a trav\u00e9s del Impuesto Especial sobre Producci\u00f3n y Servicios (IEPS) aplicados a las gasolinas y el di\u00e9sel, una cifra sin precedentes.<\/p>\n<p>Sin embargo, algunos especialistas pronostican que en 2017 ser\u00e1 superior a 280 mil millones de pesos, es decir 36 por ciento m\u00e1s que en 2016.<\/p>\n<p>El l\u00edder panista asegur\u00f3 que el gobierno federal\u00a0 ha financiado su gasto p\u00fablico, a trav\u00e9s de esta v\u00eda y tiene que decirlo.<\/p>\n","protected":false},"excerpt":{"rendered":"<p>La bancada del Partido Acci\u00f3n Nacional (PAN) en el Senado exigi\u00f3 al gobierno de Enrique Pe\u00f1a Nieto \u201cdar la cara\u201d para explicar las acciones que tomar\u00e1 para atemperar el aumento en el precio de las gasolinas, resultado de la reforma fiscal, de acuerdo con Fernando Herrera \u00c1vila, coordinador del grupo parlamentario.<\/p>\n","protected":false},"author":3,"featured_media":305164,"comment_status":"open","ping_status":"open","sticky":false,"template":"","format":"standard","meta":{"_monsterinsights_skip_tracking":false,"_monsterinsights_sitenote_active":false,"_monsterinsights_sitenote_note":"","_monsterinsights_sitenote_category":0,"footnotes":""},"categories":[3],"tags":[24425,46964,198,9711,26429,91],"class_list":["post-305057","post","type-post","status-publish","format-standard","has-post-thumbnail","hentry","category-nacional","tag-alza","tag-exigencia","tag-gasolina","tag-gasolinazo","tag-jose-antonio-meade-kuribrena","tag-pan"],"_links":{"self":[{"href":"https:\/\/www.diarioimagen.net\/index.php?rest_route=\/wp\/v2\/posts\/305057","targetHints":{"allow":["GET"]}}],"collection":[{"href":"https:\/\/www.diarioimagen.net\/index.php?rest_route=\/wp\/v2\/posts"}],"about":[{"href":"https:\/\/www.diarioimagen.net\/index.php?rest_route=\/wp\/v2\/types\/post"}],"author":[{"embeddable":true,"href":"https:\/\/www.diarioimagen.net\/index.php?rest_route=\/wp\/v2\/users\/3"}],"replies":[{"embeddable":true,"href":"https:\/\/www.diarioimagen.net\/index.php?rest_route=%2Fwp%2Fv2%2Fcomments&post=305057"}],"version-history":[{"count":0,"href":"https:\/\/www.diarioimagen.net\/index.php?rest_route=\/wp\/v2\/posts\/305057\/revisions"}],"wp:featuredmedia":[{"embeddable":true,"href":"https:\/\/www.diarioimagen.net\/index.php?rest_route=\/wp\/v2\/media\/305164"}],"wp:attachment":[{"href":"https:\/\/www.diarioimagen.net\/index.php?rest_route=%2Fwp%2Fv2%2Fmedia&parent=305057"}],"wp:term":[{"taxonomy":"category","embeddable":true,"href":"https:\/\/www.diarioimagen.net\/index.php?rest_route=%2Fwp%2Fv2%2Fcategories&post=305057"},{"taxonomy":"post_tag","embeddable":true,"href":"https:\/\/www.diarioimagen.net\/index.php?rest_route=%2Fwp%2Fv2%2Ftags&post=305057"}],"curies":[{"name":"wp","href":"https:\/\/api.w.org\/{rel}","templated":true}]}}