{"id":305090,"date":"2017-01-02T00:06:24","date_gmt":"2017-01-02T06:06:24","guid":{"rendered":"http:\/\/www.diarioimagen.net\/?p=305090"},"modified":"2024-11-12T22:22:36","modified_gmt":"2024-11-13T04:22:36","slug":"los-justicieros-anonimos-y-autodefensas","status":"publish","type":"post","link":"https:\/\/www.diarioimagen.net\/?p=305090","title":{"rendered":"Los justicieros an\u00f3nimos y autodefensas"},"content":{"rendered":"<h2>Como veo, doy<\/h2>\n<h5>Jorg Palacios<\/h5>\n<p>&nbsp;<\/p>\n<ul>\n<li><strong><em>17 constitucional proh\u00edbe ejercer justicia por propia mano<\/em><\/strong><\/li>\n<li><strong><em>Seguridad, el reto de Osorio Chong<\/em><\/strong><\/li>\n<\/ul>\n<p>&nbsp;<\/p>\n<p>Las noticias consideradas de nota roja siguen ocupando las primeras planas en los diarios nacionales y tambi\u00e9n son temas de reflexi\u00f3n en los diferentes foros de opini\u00f3n de medios como la radio y la televisi\u00f3n, y eso se debe a la percepci\u00f3n ciudadana en el sentido de que la inseguridad y los brotes de violencia en todo el pa\u00eds no ceden, lo cual \u2013diga lo que se diga- hoy esto es un motivo de preocupaci\u00f3n y miedo entre la poblaci\u00f3n.<\/p>\n<p>La semana pasada, por ejemplo, la prensa report\u00f3 que un autob\u00fas de pasajeros fue asaltado a la altura del tramo conocido como La Marquesa, en la carretera M\u00e9xico-Toluca, en el Estado de M\u00e9xico. Ah\u00ed \u2013despu\u00e9s del asalto- los delincuentes fueron abatidos por un pasajero que portaba un arma de fuego al dispararles a los infractores en su huida.<\/p>\n<p>Por supuesto que quienes padecieron el miedo y la angustia en este hecho delictivo, al ver amenazadas sus vidas y ver perdido parte de su pertenencias est\u00e1n m\u00e1s que agradecidos con el pasajero a quien la opini\u00f3n p\u00fablica y las autoridades hoy refieren como el \u201cvengador an\u00f3nimo\u201d, el cual se dice primero hiri\u00f3 a los rateros y luego a sangre fr\u00eda les dio el tiro de gracia, regres\u00f3 las pertenencias hurtadas a los pasajeros y se dio a la fuga.<\/p>\n<p>Eso no es todo, del Estado de Aguascalientes nos llegan noticias de que en la entidad hay reportes de la conformaci\u00f3n de los llamados grupos de autodefensa y esto se debe a que las autoridades estatales no est\u00e1n dan resultados en materia de prevenci\u00f3n del delito, y ante la inseguridad que se vive en la localidad la gente se est\u00e1 organizando para defenderse ante los \u00edndices delictivos que van en aumento.<\/p>\n<p>Por supuesto que ni vengadores an\u00f3nimos ni grupos de autodefensa son la soluci\u00f3n, pero hay informaci\u00f3n p\u00fablica que se\u00f1ala que durante \u00a02016 no s\u00f3lo aumentaron los \u00edndices de criminalidad, sino tambi\u00e9n el n\u00famero de casos en donde los ciudadanos han tomado la justicia en su mano y espec\u00edficamente en el mes de octubre donde \u00a0se registraron 30 linchamientos en diferentes estados de M\u00e9xico.<\/p>\n<p>Aunque el art\u00edculo 17 de la Constituci\u00f3n proh\u00edbe ejercer la justicia de mano propia, ni ejercer violencia para reclamar su derecho, los expertos calculan que s\u00f3lo el 2% de los delitos son realmente castigados y esto ha disparado las reacciones de\u00a0autodefensa\u00a0en todo M\u00e9xico.<\/p>\n<p>Las leyes y ordenamientos en materia de seguridad son muy claros, tal vez, pero lo que est\u00e1 sucediendo en las calles nos dicen todo lo contrario, porque ante las omisiones de la autoridad o su mal desempe\u00f1o, el resultado es el experimento, la improvisaci\u00f3n y el valor de los afectados, y en ese marco podemos ubicar acciones que aunque son ilegales empiezan a tener grados de legitimidad ante una sociedad lastimada por la delincuencia com\u00fan y el crimen organizado.<\/p>\n<p>Al respecto, en una mesa de an\u00e1lisis radiof\u00f3nica, la analista pol\u00edtica, Mar\u00eda Amparo Casar, con contundencia pone el dedo en el rengl\u00f3n y advierte que acciones como las autodefensas y la del justiciero o vengador an\u00f3nimo \u201chay que combatirlas, porque las infecciones se extienden si no hay antibi\u00f3tico (\u2026) Muchos de los problemas que crecen en la sociedad, y en la pol\u00edtica mexicana, se dan porque que si no se frena el primer caso, se extiende el problema\u201d.<\/p>\n<p>De acciones como las del justiciero o vengador an\u00f3nimo ocurrida en la M\u00e9xico-Toluca, hemos tenido referencias tambi\u00e9n en la M\u00e9xico-Pachuca, en la M\u00e9xico Puebla y en la M\u00e9xico-Quer\u00e9taro, en tanto que de los llamados grupos de autodefensas los m\u00e1s conocidos son las que en alg\u00fan momento han sido noticia por su surgimiento en tierras michoacanas, de Guerrero, Jalisco, Chiapas, Morelos e Hidalgo.<\/p>\n<p>Aqu\u00ed las preguntas son \u00bfcu\u00e1ntos \u201cvengadores an\u00f3nimos\u201d m\u00e1s queremos tener en las calles y colonias del territorio nacional o cu\u00e1nta gente ya anda armada y las autoridades a\u00fan lo saben?, \u00bfqui\u00e9n nos asegura que el hoy vengador an\u00f3nimo no era un delincuente m\u00e1s, alguien que pudo haber cometido alg\u00fan delito con el arma que portaba?, e igual para las llamadas autodefensas \u00bfqui\u00e9n dice que no est\u00e1n protegiendo intereses de la delincuencia organizada?, \u00bfqui\u00e9n o qui\u00e9nes de los integrantes de estos grupos no son radares del propio crimen organizado?<\/p>\n<p>\u00bfAcaso eso es lo que queremos en nuestra sociedad? Por supuesto que no, lo que si queremos son esquemas institucionales que nos brinden seguridad y pongan el orden y la paz social en nuestras ciudades, barrios y pueblos, porque no hay que olvidar que los grupos de autodefensa o los vengadores an\u00f3nimos son igual de asesinos que los delincuentes comunes o los del crimen organizado, porque unos y otros dan la espalda a la Ley.<\/p>\n<p><strong>VA MI RESTO<\/strong>.- El secretario de Gobernaci\u00f3n, Miguel \u00c1ngel Osorio Chong, hizo un llamado urgente a los gobiernos estatales para tomar acciones con el objeto de que el problema de la inseguridad no se salga de control, como ya sucede en seis estados del pa\u00eds.<\/p>\n<p>En nuestra opini\u00f3n el llamado se debe hacer hacia todos lados, hacia los tres niveles de gobierno, porque el sem\u00e1foro en la materia nos dice que el color rojo ya est\u00e1 encendido y no s\u00f3lo son seis estados.<\/p>\n<p>Ojal\u00e1 entonces que el responsable de la seguridad y pol\u00edtica interna del pa\u00eds tenga en mente esta preocupaci\u00f3n ciudadana, y si logra abatir estos \u00edndices negativos lo dem\u00e1s llega solo, y todos saben a qu\u00e9 nos referimos, y hasta ah\u00ed porque como veo, doy.<\/p>\n<p><em><a href=\"mailto:%20jorgpalacios@yahoo.com.mx\" target=\"_blank\" rel=\"noopener\">jorgpalacios@yahoo.com.mx<\/a><\/em><\/p>\n","protected":false},"excerpt":{"rendered":"<p><span style=\"color: #005497;\"><strong>Jorg Palacios<\/strong><\/span><\/p>\n","protected":false},"author":3,"featured_media":0,"comment_status":"open","ping_status":"open","sticky":false,"template":"","format":"standard","meta":{"_monsterinsights_skip_tracking":false,"_monsterinsights_sitenote_active":false,"_monsterinsights_sitenote_note":"","_monsterinsights_sitenote_category":0,"footnotes":""},"categories":[63916],"tags":[28722,45228,63917,43674],"class_list":["post-305090","post","type-post","status-publish","format-standard","hentry","category-jorge-luis-galicia-palacios","tag-como-veo-doy","tag-jorg-palacios","tag-jorge-luis-galicia-palacios","tag-opinion"],"_links":{"self":[{"href":"https:\/\/www.diarioimagen.net\/index.php?rest_route=\/wp\/v2\/posts\/305090","targetHints":{"allow":["GET"]}}],"collection":[{"href":"https:\/\/www.diarioimagen.net\/index.php?rest_route=\/wp\/v2\/posts"}],"about":[{"href":"https:\/\/www.diarioimagen.net\/index.php?rest_route=\/wp\/v2\/types\/post"}],"author":[{"embeddable":true,"href":"https:\/\/www.diarioimagen.net\/index.php?rest_route=\/wp\/v2\/users\/3"}],"replies":[{"embeddable":true,"href":"https:\/\/www.diarioimagen.net\/index.php?rest_route=%2Fwp%2Fv2%2Fcomments&post=305090"}],"version-history":[{"count":0,"href":"https:\/\/www.diarioimagen.net\/index.php?rest_route=\/wp\/v2\/posts\/305090\/revisions"}],"wp:attachment":[{"href":"https:\/\/www.diarioimagen.net\/index.php?rest_route=%2Fwp%2Fv2%2Fmedia&parent=305090"}],"wp:term":[{"taxonomy":"category","embeddable":true,"href":"https:\/\/www.diarioimagen.net\/index.php?rest_route=%2Fwp%2Fv2%2Fcategories&post=305090"},{"taxonomy":"post_tag","embeddable":true,"href":"https:\/\/www.diarioimagen.net\/index.php?rest_route=%2Fwp%2Fv2%2Ftags&post=305090"}],"curies":[{"name":"wp","href":"https:\/\/api.w.org\/{rel}","templated":true}]}}