{"id":305099,"date":"2017-01-02T00:08:09","date_gmt":"2017-01-02T06:08:09","guid":{"rendered":"http:\/\/www.diarioimagen.net\/?p=305099"},"modified":"2017-01-02T03:20:10","modified_gmt":"2017-01-02T09:20:10","slug":"la-historia-cubana-indisoluble-de-mexico","status":"publish","type":"post","link":"https:\/\/www.diarioimagen.net\/?p=305099","title":{"rendered":"La historia cubana indisoluble de M\u00e9xico"},"content":{"rendered":"<h2>Punto por punto<\/h2>\n<h5>Augusto Corro<\/h5>\n<p>&nbsp;<\/p>\n<div id=\"attachment_305171\" style=\"width: 470px\" class=\"wp-caption aligncenter\"><a href=\"http:\/\/www.diarioimagen.net\/?attachment_id=305171\" rel=\"attachment wp-att-305171\"><img loading=\"lazy\" decoding=\"async\" aria-describedby=\"caption-attachment-305171\" class=\"size-large wp-image-305171\" src=\"http:\/\/www.diarioimagen.net\/wp-content\/uploads\/2017\/01\/gasolinazo-MARAL-3026-460x301.jpg\" alt=\"\" width=\"460\" height=\"301\" srcset=\"https:\/\/www.diarioimagen.net\/wp-content\/uploads\/2017\/01\/gasolinazo-MARAL-3026-460x301.jpg 460w, https:\/\/www.diarioimagen.net\/wp-content\/uploads\/2017\/01\/gasolinazo-MARAL-3026-240x157.jpg 240w, https:\/\/www.diarioimagen.net\/wp-content\/uploads\/2017\/01\/gasolinazo-MARAL-3026-768x502.jpg 768w, https:\/\/www.diarioimagen.net\/wp-content\/uploads\/2017\/01\/gasolinazo-MARAL-3026.jpg 1200w\" sizes=\"auto, (max-width: 460px) 100vw, 460px\" \/><\/a><p id=\"caption-attachment-305171\" class=\"wp-caption-text\">Gasolinazo&#8230; | Maral<\/p><\/div>\n<p>&nbsp;<\/p>\n<p>La historia de Cuba pas\u00f3 por M\u00e9xico. Fidel Castro escogi\u00f3 a nuestro pa\u00eds para realizar los preparativos de su expedici\u00f3n guerrillera a la m\u00e1s grande isla del Caribe. El 25 de noviembre de 1956 parti\u00f3 el yate \u201cGranma\u201d con 71 cubanos y un argentino a concretar su lucha pol\u00edtica. Y el 25 de noviembre de 2016 muri\u00f3 Fidel Castro, a la edad de 90 a\u00f1os, uno de los pol\u00edticos m\u00e1s controvertidos del siglo XX y XXI. Para algunos un h\u00e9roe, para otros un simple ditador y tirano.<\/p>\n<p>Fidel lleg\u00f3 a M\u00e9xico en julio de 1955 e inmediatamente empez\u00f3 a organizarse para regresar a su patria y echar del poder al presidente Fulgencio Batista. Para lograr sus prop\u00f3sitos necesitaba armas, dinero y gente que lo acompa\u00f1ara en su aventura.<\/p>\n<p>Lo logr\u00f3 poco a poco. El armamento no era el mejor, pero pudo hacerse de armas sencillas como rifles de bajo calibre y escopetas. A los primeros les colocaron mirillas para hacerlos m\u00e1s \u00fatiles. La carencia econ\u00f3mica siempre estuvo presente. Su vida en la capital rayaba en la austeridad.<\/p>\n<p>Para reclutar a los cubanos no hubo problema. En la capital viv\u00edan exilados los isle\u00f1os echados de su pa\u00eds por razones pol\u00edticas. Estaban decididos a regresar a Cuba y enfrentar a Batista. Con dificultades, el rebelde Fidel Castro se preparaba para iniciar una revoluci\u00f3n.<\/p>\n<p>Se iniciaron los entrenamientos de los cubanos que regresar\u00edan a su tierra. Un coronel espa\u00f1ol, Alberto Bayo, fue el encargado de preparar a los rebeldes en la guerra de guerrillas, que aprendi\u00f3 en la Guerra Civil de su pa\u00eds. Despu\u00e9s, el propio Ernesto \u201cChe\u201d Guevara tambi\u00e9n participaba en el adiestramiento de los voluntarios.<\/p>\n<p>Las pr\u00e1cticas de los futuros guerrilleros se hicieron en terrenos de Tuxpan, Veracruz, y despu\u00e9s en un rancho de Chalco, Estado de M\u00e9xico. Quiz\u00e1 un hecho relevante para Fidel Castro fue el conocer en la capital a Ernesto \u201cChe\u201d Guevara, quien, con el tiempo, se convertir\u00eda como el principal asesor del l\u00edder cubano.<\/p>\n<p>Fue en el hogar de Mar\u00eda Antonia Gonz\u00e1lez, ubicado en las calles de Emparan, n\u00famero 49, cerca del edificio de la Loter\u00eda Nacional, donde se encontraron por primera vez el \u201cChe\u201d Guevara y Fidel.\u00a0 Despu\u00e9s sostendr\u00edan m\u00e1s reuniones secretas en la residencia del matrimonio de Orqu\u00eddea Pino y Alfonso Guti\u00e9rrez, por el rumbo de San \u00c1ngel.<\/p>\n<p>Fidel Castro y el \u201cChe\u201d Guevara fueron detenidos por elementos de la Direcci\u00f3n Federal de Seguridad, junto con 22 cubanos. Tras los interrogatorios, el l\u00edder y su c\u00e9lula de guerrilleros fueron puestos en libertad.<\/p>\n<p>Ese hecho favoreci\u00f3 al futuro comandante Fidel Castro, pues quien estuvo a cargo de las investigaciones fue Fernando, Guti\u00e9rrez Barrios, el \u201cFouch\u00e9\u201d mexicano, admirado por propios y extra\u00f1os que despu\u00e9s ser\u00eda secretario de Gobernaci\u00f3n y gobernador de Veracruz. Ambos personajes sellaron una amistad que se prolong\u00f3 por a\u00f1os.<\/p>\n<p>Y lleg\u00f3 por fin el d\u00eda de la partida. En Tuxpan, la madrugada del 25 de noviembre de 1956, bajo una lluvia, se hizo a la mar el yate \u201cGranma\u201d, que se ocupaba para pasear a turistas, con los arreglos necesarios para transportar a 82 cubanos, entre otros los futuros h\u00e9roes de la Revoluci\u00f3n Cubana: Fidel Castro, el \u201cChe\u201d Guevara, Ra\u00fal Castro, el hermano de Fidel, a quien le gustaban las corridas de toros;\u00a0 Camilo Cienfuegos, Juan Almeida y Ramiro Vald\u00e9s. Dificultaron el viaje el peso de las armas, las roturas del motor y el mal tiempo.\u00a0 La nave encall\u00f3 en un lugar conocido como Los Cayuelos y este contratiempo oblig\u00f3 al desembarco a las 6:50 horas de la ma\u00f1ana, el 2 de diciembre de 1956.<\/p>\n<p><strong>PUNTOS SUSPENSIVOS<\/strong>\u2026 Los californianos no terminan de aceptar que Donald Trump sea su nuevo presidente y ya empezaron a manifestar su deseo de independizarse de Estados Unidos. Es posible que no fructifique la idea independentista de uno de los estados m\u00e1s poderosos de aquel pa\u00eds, pero no dejar\u00e1 de ser una piedra en el zapato del magnate de la construcci\u00f3n\u2026 El gobierno de Estados Unidos reactiv\u00f3\u00a0 el tr\u00e1mite para que M\u00e9xico extradite al ex gobernador de Tamaulipas, Tom\u00e1s Yarrington, acusado de los delitos de lavado de dinero y pr\u00f3fugo desde 2012.<\/p>\n<p>La Procuradur\u00eda General de la Rep\u00fablica (PGR) ofrece 15 millones de pesos para aquella persona que proporcione informaci\u00f3n fidedigna que permita la captura del ex mandatario\u2026 Gabino Cu\u00e9, gobernador aliancista de Oaxaca, dej\u00f3 el cargo, lleno de conflictos; uno de los m\u00e1s graves es el relacionado con salud p\u00fablica. As\u00ed se vio en las manifestaciones de trabajadores de la salud han cerrado hospitales por falta de recursos econ\u00f3micos y se cancelaron los servicios gratuitos. Si desea una atenci\u00f3n medica o medicinas, tiene que pagar. En algunos casos, los nosocomios p\u00fablicos funcionan con el dinero de las consultas que sirve para comprar medicamentos que necesitan\u00a0 personas de escasos recursos econ\u00f3micos. El derecho a la salud\u00a0 en aquel estado es punto muerto\u2026 Por cierto, Gabino Cu\u00e9 sigui\u00f3 con la p\u00e9sima tradici\u00f3n de los gobernadores que a pocos d\u00edas de haber terminado su mandato aparece que regalaron notar\u00edas a sus cuates. Cu\u00e9 entreg\u00f3, de manera irregular, ocho patentes (fiats) notariales a familiares de colaboradores y de funcionarios<strong>.<\/strong><\/p>\n<p><em><a href=\"mailto:aco2742@hotmail.com\" target=\"_blank\">aco2742@hotmail.com<\/a><\/em><\/p>\n","protected":false},"excerpt":{"rendered":"<p><span style=\"color: #005497;\"><strong>Augusto Corro<\/strong><\/span><br \/>\n<br \/>\nLa historia de Cuba pas\u00f3 por M\u00e9xico. Fidel Castro escogi\u00f3 a nuestro pa\u00eds para realizar los preparativos de su expedici\u00f3n guerrillera a la m\u00e1s grande isla del Caribe.<\/p>\n","protected":false},"author":3,"featured_media":305171,"comment_status":"open","ping_status":"open","sticky":false,"template":"","format":"standard","meta":{"_monsterinsights_skip_tracking":false,"_monsterinsights_sitenote_active":false,"_monsterinsights_sitenote_note":"","_monsterinsights_sitenote_category":0,"footnotes":""},"categories":[157],"tags":[],"class_list":["post-305099","post","type-post","status-publish","format-standard","has-post-thumbnail","hentry","category-augusto-corro"],"_links":{"self":[{"href":"https:\/\/www.diarioimagen.net\/index.php?rest_route=\/wp\/v2\/posts\/305099","targetHints":{"allow":["GET"]}}],"collection":[{"href":"https:\/\/www.diarioimagen.net\/index.php?rest_route=\/wp\/v2\/posts"}],"about":[{"href":"https:\/\/www.diarioimagen.net\/index.php?rest_route=\/wp\/v2\/types\/post"}],"author":[{"embeddable":true,"href":"https:\/\/www.diarioimagen.net\/index.php?rest_route=\/wp\/v2\/users\/3"}],"replies":[{"embeddable":true,"href":"https:\/\/www.diarioimagen.net\/index.php?rest_route=%2Fwp%2Fv2%2Fcomments&post=305099"}],"version-history":[{"count":0,"href":"https:\/\/www.diarioimagen.net\/index.php?rest_route=\/wp\/v2\/posts\/305099\/revisions"}],"wp:featuredmedia":[{"embeddable":true,"href":"https:\/\/www.diarioimagen.net\/index.php?rest_route=\/wp\/v2\/media\/305171"}],"wp:attachment":[{"href":"https:\/\/www.diarioimagen.net\/index.php?rest_route=%2Fwp%2Fv2%2Fmedia&parent=305099"}],"wp:term":[{"taxonomy":"category","embeddable":true,"href":"https:\/\/www.diarioimagen.net\/index.php?rest_route=%2Fwp%2Fv2%2Fcategories&post=305099"},{"taxonomy":"post_tag","embeddable":true,"href":"https:\/\/www.diarioimagen.net\/index.php?rest_route=%2Fwp%2Fv2%2Ftags&post=305099"}],"curies":[{"name":"wp","href":"https:\/\/api.w.org\/{rel}","templated":true}]}}