{"id":305107,"date":"2017-01-02T00:09:20","date_gmt":"2017-01-02T06:09:20","guid":{"rendered":"http:\/\/www.diarioimagen.net\/?p=305107"},"modified":"2017-01-02T03:17:56","modified_gmt":"2017-01-02T09:17:56","slug":"el-apellido-en-lo-electoral","status":"publish","type":"post","link":"https:\/\/www.diarioimagen.net\/?p=305107","title":{"rendered":"El apellido en lo electoral"},"content":{"rendered":"<h2>De frente y de perfil<\/h2>\n<h5>Ram\u00f3n Zurita Sahag\u00fan<\/h5>\n<p>&nbsp;<\/p>\n<div id=\"attachment_305167\" style=\"width: 470px\" class=\"wp-caption aligncenter\"><a href=\"http:\/\/www.diarioimagen.net\/?attachment_id=305167\" rel=\"attachment wp-att-305167\"><img loading=\"lazy\" decoding=\"async\" aria-describedby=\"caption-attachment-305167\" class=\"size-large wp-image-305167\" src=\"http:\/\/www.diarioimagen.net\/wp-content\/uploads\/2017\/01\/ZURITA-3026-460x259.jpg\" alt=\"\" width=\"460\" height=\"259\" srcset=\"https:\/\/www.diarioimagen.net\/wp-content\/uploads\/2017\/01\/ZURITA-3026-460x259.jpg 460w, https:\/\/www.diarioimagen.net\/wp-content\/uploads\/2017\/01\/ZURITA-3026-240x135.jpg 240w, https:\/\/www.diarioimagen.net\/wp-content\/uploads\/2017\/01\/ZURITA-3026-235x132.jpg 235w, https:\/\/www.diarioimagen.net\/wp-content\/uploads\/2017\/01\/ZURITA-3026-202x114.jpg 202w, https:\/\/www.diarioimagen.net\/wp-content\/uploads\/2017\/01\/ZURITA-3026-350x196.jpg 350w, https:\/\/www.diarioimagen.net\/wp-content\/uploads\/2017\/01\/ZURITA-3026-220x123.jpg 220w, https:\/\/www.diarioimagen.net\/wp-content\/uploads\/2017\/01\/ZURITA-3026-237x132.jpg 237w, https:\/\/www.diarioimagen.net\/wp-content\/uploads\/2017\/01\/ZURITA-3026.jpg 480w\" sizes=\"auto, (max-width: 460px) 100vw, 460px\" \/><\/a><p id=\"caption-attachment-305167\" class=\"wp-caption-text\">Los que se llevan las palmas en cuanto a dinast\u00edas gobernantes son los C\u00e1rdenas, que en Michoac\u00e1n han gobernado cuatro de ellos.<\/p><\/div>\n<p>&nbsp;<\/p>\n<p>Como si fuesen herencias, los pol\u00edticos y sus v\u00e1stagos escrituran a futuro las posibilidades de que sus herederos ocupen el cargo de gobernantes que ellos han tenido.<\/p>\n<p>Desde hace alg\u00fan tiempo el fen\u00f3menos se produce, especialmente entre los militantes del Partido Revolucionario Institucional, aunque tambi\u00e9n los hay de otros organismos pol\u00edticos.<\/p>\n<p>Los que se llevan las palmas en cuanto a dinast\u00edas gobernantes son los C\u00e1rdenas, que en Michoac\u00e1n han gobernado cuatro de ellos. Inici\u00f3 L\u00e1zaro C\u00e1rdenas del R\u00edo, sigui\u00f3 D\u00e1maso C\u00e1rdenas del R\u00edo (hermano de L\u00e1zaro), posteriormente lleg\u00f3 Cuauht\u00e9moc C\u00e1rdenas Sol\u00f3rzano (hijo de L\u00e1zaro) y m\u00e1s adelante L\u00e1zaro C\u00e1rdenas Batel (nieto de L\u00e1zaro).<\/p>\n<p>En Hidalgo los Rojo y los Lugo, familia entremezclada por el matrimonio de Javier Rojo G\u00f3mez con una hermana de Jos\u00e9 Lugo Guerrero provoc\u00f3 que no solamente Rojo G\u00f3mez gobernara la entidad, sino que tambi\u00e9n su hijo Jorge Rojo Lugo, su cu\u00f1ado Jos\u00e9 Lugo Guerrero, el hijo de Jos\u00e9 (Humberto Lugo Gil) y otro de su primos, Adolfo Lugo Verduzco.<\/p>\n<p>Son muchos los estados que han sido gobernados por padres e hijos, pero tambi\u00e9n hay otros en los que los hijos han buscado nuevos horizontes.<\/p>\n<p>Tal es el caso de Manuel Bartlett Bautista, que gobern\u00f3 Tabasco y su hijo Manuel Bartlett D\u00edaz aprovech\u00f3 que naci\u00f3 en Puebla (aunque nunca vivi\u00f3 ah\u00ed) para gobernar la entidad.<\/p>\n<p>Hace un a\u00f1o concluy\u00f3 la gesti\u00f3n de Jos\u00e9 Eduardo Calzada Rovirosa en Quer\u00e9taro, entidad que gobern\u00f3 su padre Antonio Calzada Urquiza en los a\u00f1os 70.<\/p>\n<p>En la actualidad, Alejandro Murat Hinojosa, hijo de Jos\u00e9 Murat Casab se convirti\u00f3 en gobernador de Oaxaca, como lo fue su padre, dos sexenios anteriores.<\/p>\n<p>La tentaci\u00f3n de gobernar el estado en que lo hizo su padre es muy grande, por lo que en la actualidad cuatro hijos de gobernadores (dos de ellos de tercera generaci\u00f3n) anhelan hacerlo y sus posibilidades de ser candidatos son muchas, aunque de triunfo no tantas.<\/p>\n<p>Quien tiene la oportunidad m\u00e1s cercana es el mexiquense Alfredo del Mazo Maza, actual diputado federal y quien hace seis a\u00f1os estuvo a punto de ser candidato del PRI.<\/p>\n<p>De ser candidato y ganar los comicios, Alfredo ser\u00eda el tercero con ese nombre y apellido que gobernara el Estado de M\u00e9xico.<\/p>\n<p>Su abuelo Alfredo del Mazo V\u00e9lez fue gobernador de esa entidad, adem\u00e1s de secretario de Recursos Hidr\u00e1ulicos del gobierno federal y senador de la Rep\u00fablica.<\/p>\n<p>Su padre, Alfredo del Mazo Garc\u00eda, tambi\u00e9n gobern\u00f3 el Estado de M\u00e9xico, adem\u00e1s de ser secretario de Energ\u00eda, diputado federal y candidato perdedor al gobierno del Distrito Federal. Del Mazo Maza pretende ser el tercero de la generaci\u00f3n, algo que solamente los C\u00e1rdenas han conseguido, aunque en el caso de los Del Mazo lo har\u00edan por el mismo partido (PRI), mientras que en los C\u00e1rdenas, L\u00e1zaro nieto lo hizo como candidato del PRD.<\/p>\n<p>Otro que quiere ser candidato a gobernador, como lo fue su padre, es Antonio Echevarr\u00eda Garc\u00eda, hijo de Antonio Echevarr\u00eda Dom\u00ednguez, considerado por muchos como el hombre m\u00e1s rico del estado de Nayarit.<\/p>\n<p>To\u00f1o, como se le conoce coloquialmente, quiere ser lo que no pudo su madre Martha Elena Garc\u00eda G\u00f3mez, derrotada en las urnas por el pri\u00edsta Roberto Sandoval, pero si su padre Echevarr\u00eda Dom\u00ednguez, quien consigui\u00f3 una gran alianza.<\/p>\n<p>El hijo de Echevarr\u00eda Dom\u00ednguez y Garc\u00eda G\u00f3mez lo har\u00eda como candidato del PAN, al igual que su padre (construy\u00f3 una gran alianza con los partidos de izquierda) y su madre, aunque ella no gan\u00f3.<\/p>\n<p>Como tercero en la lista se encuentra Federico Madrazo Rojas, cuyo padre y abuelo gobernador Tabasco, bajo las mismas siglas del PRI.<\/p>\n<p>Carlos Madrazo Becerra y Roberto Madrazo Pintado, ganaron los comicios de gobernador en Tabasco, con un lapso de cinco elecciones, ya que el padre gobern\u00f3 de 1965 a 1970 y el hijo de 1995 a 2000.<\/p>\n<p>Federico que fue pri\u00edsta desde las juveniles como lo fueron sus ancestros, emigr\u00f3 de ese partido y ahora milita en el Partido Verde, al que representa en el Congreso local, adem\u00e1s de coordinar la diputaci\u00f3n de ese organismo pol\u00edtico y al partido en el estado.<\/p>\n<p>Con todo y ello carece del carisma que tuvieron su padre y, principalmente, su abuelo, conocido como el \u201cCicl\u00f3n del Sureste\u201d.<\/p>\n<p>Federico ha intentado de todo, ya fue diputado federal suplente y posteriormente propietario, por supuesto por la v\u00eda m\u00e1s solicitada por todos, la plurinominal. Intent\u00f3 de nuevo serlo, pero se qued\u00f3 a un espacio de conseguirlo. Busc\u00f3 la candidatura a la alcald\u00eda de Centro (Villahermosa) pero no lo logr\u00f3 y fue candidato de mayor\u00eda a una diputaci\u00f3n local, perdiendo en las urnas.<\/p>\n<p>Ahora como diputado local plurinominal, aspira a ser el candidato del Partido Verde al gobierno de Tabasco, por lo que construye su plataforma, para tener el apoyo de otros partidos minoritarios en una gran alianza que se duda pueda conformar. Con todo y ello el esfuerzo lo hace, aunque falta poco menos de dos a\u00f1os para los comicios en Tabasco, los que se realizar\u00e1n a la par de los presidenciales.<\/p>\n<p>El cuarto en discordia es Javier Herrera Borunda, hijo de Fidel Herrera Beltr\u00e1n, quien gobernara Veracruz.<\/p>\n<p>Al igual que Federico Madrazo, Javier Herrera es militante del Partido Verde y desde ah\u00ed pretende competir por el gobierno de Veracruz, aunque sus posibilidades se ven sumamente remotas.<\/p>\n<p>Herrera Borunda requerir\u00eda del respaldo del partido en que milita su padre, el tricolor, pero encima tiene la maquinaria de los Yunes Linares-M\u00e1rquez, con quienes mantienen malquerencias y una fuerte disputa entre al actual gobernador Miguel \u00c1ngel Yunes Linares y el ex gobernador Fidel Herrera Beltr\u00e1n, actual c\u00f3nsul en Barcelona.<\/p>\n<p><em><a href=\"mailto:ramonzurita44@hotmail.com\" target=\"_blank\">ramonzurita44@hotmail.com<\/a><\/em><\/p>\n","protected":false},"excerpt":{"rendered":"<p><span style=\"color: #005497;\"><strong>Ram\u00f3n Zurita Sahag\u00fan<\/strong><\/span><br \/>\n<br \/>\nComo si fuesen herencias, los pol\u00edticos y sus v\u00e1stagos escrituran a futuro las posibilidades de que sus herederos ocupen el cargo de gobernantes que ellos han tenido.<\/p>\n","protected":false},"author":3,"featured_media":305167,"comment_status":"open","ping_status":"open","sticky":false,"template":"","format":"standard","meta":{"_monsterinsights_skip_tracking":false,"_monsterinsights_sitenote_active":false,"_monsterinsights_sitenote_note":"","_monsterinsights_sitenote_category":0,"footnotes":""},"categories":[234],"tags":[304,43674,43687],"class_list":["post-305107","post","type-post","status-publish","format-standard","has-post-thumbnail","hentry","category-ramon-zurita-sahagun","tag-de-frente-y-de-perfil","tag-opinion","tag-ramon-zurita-sahagun"],"_links":{"self":[{"href":"https:\/\/www.diarioimagen.net\/index.php?rest_route=\/wp\/v2\/posts\/305107","targetHints":{"allow":["GET"]}}],"collection":[{"href":"https:\/\/www.diarioimagen.net\/index.php?rest_route=\/wp\/v2\/posts"}],"about":[{"href":"https:\/\/www.diarioimagen.net\/index.php?rest_route=\/wp\/v2\/types\/post"}],"author":[{"embeddable":true,"href":"https:\/\/www.diarioimagen.net\/index.php?rest_route=\/wp\/v2\/users\/3"}],"replies":[{"embeddable":true,"href":"https:\/\/www.diarioimagen.net\/index.php?rest_route=%2Fwp%2Fv2%2Fcomments&post=305107"}],"version-history":[{"count":0,"href":"https:\/\/www.diarioimagen.net\/index.php?rest_route=\/wp\/v2\/posts\/305107\/revisions"}],"wp:featuredmedia":[{"embeddable":true,"href":"https:\/\/www.diarioimagen.net\/index.php?rest_route=\/wp\/v2\/media\/305167"}],"wp:attachment":[{"href":"https:\/\/www.diarioimagen.net\/index.php?rest_route=%2Fwp%2Fv2%2Fmedia&parent=305107"}],"wp:term":[{"taxonomy":"category","embeddable":true,"href":"https:\/\/www.diarioimagen.net\/index.php?rest_route=%2Fwp%2Fv2%2Fcategories&post=305107"},{"taxonomy":"post_tag","embeddable":true,"href":"https:\/\/www.diarioimagen.net\/index.php?rest_route=%2Fwp%2Fv2%2Ftags&post=305107"}],"curies":[{"name":"wp","href":"https:\/\/api.w.org\/{rel}","templated":true}]}}