{"id":305301,"date":"2017-01-03T00:05:41","date_gmt":"2017-01-03T06:05:41","guid":{"rendered":"http:\/\/www.diarioimagen.net\/?p=305301"},"modified":"2017-01-03T01:32:38","modified_gmt":"2017-01-03T07:32:38","slug":"supergasolinazo","status":"publish","type":"post","link":"https:\/\/www.diarioimagen.net\/?p=305301","title":{"rendered":"Supergasolinazo"},"content":{"rendered":"<h2 style=\"text-align: justify;\">Desde el portal<\/h2>\n<h5 style=\"text-align: justify;\">\u00c1ngel Soriano<\/h5>\n<p>&nbsp;<\/p>\n<p>Marchas en distintos rumbos del pa\u00eds y tomas de gasolineras a fin de a\u00f1o y principios de 2017 son las consecuencias de la flexibilizaci\u00f3n de los precios de las gasolinas, pero en realidad se trata de protestas testimoniales, sin ning\u00fan efecto contundente como para dar marcha atr\u00e1s a una decisi\u00f3n basada en la realidad global que nadie puede detener: las nuevas tecnolog\u00edas y los cambios en la econom\u00eda motivadas principalmente por la especulaci\u00f3n financiera.<\/p>\n<p>Entre las protestas testimoniales se incluye la propuesta del diputado perredista Jes\u00fas Zambrano, que pidi\u00f3 no abastecerse de gasolina durante tres d\u00edas, lo cual resulta fuera de la realidad, pues si no hay medios de transporte, dif\u00edcilmente las personas o la sociedad en su conjunto podr\u00eda movilizarse, realizar sus actividades cotidianas, pues el combustible es vital para la marcha de la econom\u00eda.<\/p>\n<p>Pero habr\u00e1 de reconocer que la oposici\u00f3n, como el resto de los funcionarios y dirigentes sociales, cumplen una funci\u00f3n: aparentar ser opositores o estar en desacuerdo con una medida que no cambiar\u00e1 el rumbo de las cosas.<\/p>\n<p>La realidad que vive el mundo no se cambiar\u00e1 con un bloqueo o una marcha, con un boicot a las gasolineras o con una reuni\u00f3n de la Cnago, el problema es profundo y, en consecuencia, deben encontrarse salidas similares.<\/p>\n<p>Y una de ellas es acabar con la corrupci\u00f3n en Pemex y hacer de \u00e9sta una empresa eficiente para que cumpla con su prop\u00f3sito de servir al pueblo de M\u00e9xico, no s\u00f3lo a las camarillas de dirigentes sindicales ni a la c\u00fapula burocr\u00e1tica; un mejor aprovechamiento de nuestros recursos naturales y un manejo eficiente del erario p\u00fablico, m\u00e1s vocaci\u00f3n de servicio y menos enriquecimiento de nuestros dirigentes, ese ser\u00eda el camino indicado para empezar a cambiar las cosas en 2017.<\/p>\n<p style=\"text-align: center;\"><strong>TURBULENCIAS<br \/>\nTransparencia, ofrece Hern\u00e1ndez Fraguas<\/strong><\/p>\n<p>El nuevo alcalde de la ciudad de Oaxaca, Jos\u00e9 Antonio Hern\u00e1ndez Fraguas, que por segunda ocasi\u00f3n llega al cargo, en su toma de posesi\u00f3n hizo alarde de su capacidad de convocatoria: estuvo el embajador de M\u00e9xico en Estados Unidos, Carlos Manuel Sada Solana, que fue presidente municipal de la ciudad; el ex l\u00edder empresarial y aspirante a la candidatura al gobierno del estado, Gerardo Guti\u00e9rrez Candiani; el ex gobernador interino y ex secretario de Gobierno del antiguo DF, Jes\u00fas Mart\u00ednez \u00c1lvarez; el director del Instituto de Estudios Legislativos de San L\u00e1zaro y ex diputado federal, Sadot S\u00e1nchez Carre\u00f1o, entre otros dirigentes empresariales, de colonos y de la sociedad civil que atestiguaron su llegada a la presidencia municipal en el emblem\u00e1tico Teatro Macedonio Alcal\u00e1, donde ofreci\u00f3 transparencia y cercan\u00eda con la ciudadan\u00eda en su nuevo gobierno, a la vez que llam\u00f3 al di\u00e1logo, la concordia y la conciliaci\u00f3n para llegar a acuerdos con los inconformes para que la ciudad deje de ser reh\u00e9n de inconformes.<\/p>\n<p>El discurso de Hern\u00e1ndez Fraguas mereci\u00f3 el aplauso repetido en los asistentes al acto realizado el pasado uno de diciembre que diferenci\u00f3 el inicio de actividades de la nueva administraci\u00f3n estatal, realizada un mes antes, en la madrugada, sin la presencia de personajes nativos de Oaxaca, s\u00f3lo llegados de la ciudad de M\u00e9xico bajo la oscuridad de noche. Hern\u00e1ndez Fraguas pidi\u00f3 a sus colaboradores no entrar en componendas para resolver los problemas ni lucrar con los recursos p\u00fablicos. El ex representante del PRI ante el INE reuni\u00f3 a la clase pol\u00edtica oaxaque\u00f1a y sus 65 colaboradores que integran su equipo, que son representativos de la ciudad capital, en contraste con la camada de funcionarios de la CDMX del gobierno estatal que significan una carga para el erario p\u00fablico\u2026<\/p>\n<p><em><a href=\"http:\/\/www.revista-brecha.com\/\" target=\"_blank\">www.revista-brecha.com<br \/>\n<\/a><a href=\"mailto:asorianodesdelportalo@hotmail.com\" target=\"_blank\">asorianodesdelportalo@hotmail.com<\/a><\/em><\/p>\n","protected":false},"excerpt":{"rendered":"<p><span style=\"color: #005497;\"><strong>\u00c1ngel Soriano<\/strong><\/span><\/p>\n","protected":false},"author":3,"featured_media":0,"comment_status":"open","ping_status":"open","sticky":false,"template":"","format":"standard","meta":{"_monsterinsights_skip_tracking":false,"_monsterinsights_sitenote_active":false,"_monsterinsights_sitenote_note":"","_monsterinsights_sitenote_category":0,"footnotes":""},"categories":[135],"tags":[85,86,43674],"class_list":["post-305301","post","type-post","status-publish","format-standard","hentry","category-angel-soriano-opinion","tag-angel-soriano","tag-desde-el-portal","tag-opinion"],"_links":{"self":[{"href":"https:\/\/www.diarioimagen.net\/index.php?rest_route=\/wp\/v2\/posts\/305301","targetHints":{"allow":["GET"]}}],"collection":[{"href":"https:\/\/www.diarioimagen.net\/index.php?rest_route=\/wp\/v2\/posts"}],"about":[{"href":"https:\/\/www.diarioimagen.net\/index.php?rest_route=\/wp\/v2\/types\/post"}],"author":[{"embeddable":true,"href":"https:\/\/www.diarioimagen.net\/index.php?rest_route=\/wp\/v2\/users\/3"}],"replies":[{"embeddable":true,"href":"https:\/\/www.diarioimagen.net\/index.php?rest_route=%2Fwp%2Fv2%2Fcomments&post=305301"}],"version-history":[{"count":0,"href":"https:\/\/www.diarioimagen.net\/index.php?rest_route=\/wp\/v2\/posts\/305301\/revisions"}],"wp:attachment":[{"href":"https:\/\/www.diarioimagen.net\/index.php?rest_route=%2Fwp%2Fv2%2Fmedia&parent=305301"}],"wp:term":[{"taxonomy":"category","embeddable":true,"href":"https:\/\/www.diarioimagen.net\/index.php?rest_route=%2Fwp%2Fv2%2Fcategories&post=305301"},{"taxonomy":"post_tag","embeddable":true,"href":"https:\/\/www.diarioimagen.net\/index.php?rest_route=%2Fwp%2Fv2%2Ftags&post=305301"}],"curies":[{"name":"wp","href":"https:\/\/api.w.org\/{rel}","templated":true}]}}